{"id":7101,"date":"2020-08-11T07:51:46","date_gmt":"2020-08-11T05:51:46","guid":{"rendered":""},"modified":"2024-08-15T15:52:33","modified_gmt":"2024-08-15T13:52:33","slug":"convocatoria-audiciones-temporada-ii-semestre-2020","status":"publish","type":"post","link":"https:\/\/vicerrectorias.utp.edu.co\/responsabilidad-social\/convocatoria-audiciones-temporada-ii-semestre-2020\/","title":{"rendered":"Convocatoria Audiciones Temporada II Semestre 2020"},"content":{"rendered":"\n<p><span class=\"post-content__span\"> <strong>UNIVERSIDAD TECNOL\u00d3GICA DE PEREIRA \u2013 ORQUESTA DE CUERDAS<br>\nCONVOCATORIA AUDICIONES TEMPORADA 2do SEMESTRE 2020<br>\nDirector Titular: Louis TILLET <\/strong><\/p>\n\n\n\n<p><span class=\"post-content__span\"> La Vicerrector\u00eda de Responsabilidad Social y Bienestar Universitario y la facultad de Bellas Artes y Humanidades de la UTP convocan a las audiciones con el fin de suplir en las categor\u00edas de m\u00fasico externo y estudiantes monitores.<\/p>\n\n\n\n<p><span class=\"post-content__span\"> \u2192 <strong>M\u00daSICOS EXTERNOS: 16 PUESTOS<\/strong><\/p>\n\n\n\n<p><span class=\"post-content__span\"> <strong>9 puestos \/VIOL\u00cdN \u2013 3 puestos \/VIOLA \u2013 2 puestos \/VIOLONCHELO \u2013 1 puesto \/CONTRABAJO \u2013 1 puesto de PIANO<\/strong><\/p>\n\n\n\n<p><span class=\"post-content__span\"> &nbsp;&nbsp;&nbsp;&nbsp;&nbsp;&nbsp;&nbsp;&nbsp;&nbsp;&nbsp;&nbsp; &nbsp;&nbsp;&nbsp;&nbsp;&nbsp;&nbsp;&nbsp;&nbsp;&nbsp;&nbsp;&nbsp; \u2192 <strong>ESTUDIANTES CON POSIBILIDAD DE OSTENTAR MONITOR\u00cdA: 7 PUESTOS<\/strong><\/p>\n\n\n\n<p><span class=\"post-content__span\"> <strong>5 puestos \/VIOL\u00cdN \u2013 1 puesto \/VIOLA \u2013 1 puesto \/VIOLONCHELO<\/strong><\/p>\n\n\n\n<p><span class=\"post-content__span\"> &nbsp;&nbsp;&nbsp;&nbsp;&nbsp;&nbsp;&nbsp;&nbsp;&nbsp;&nbsp;&nbsp;&nbsp;&nbsp;&nbsp;&nbsp;&nbsp;&nbsp;&nbsp;&nbsp;&nbsp;&nbsp;&nbsp;&nbsp;&nbsp;&nbsp;&nbsp;&nbsp;&nbsp;&nbsp;&nbsp;&nbsp;&nbsp;&nbsp;&nbsp;<br>\n\u266b <strong>Programa de la Audici\u00f3n:<\/strong> Presentaci\u00f3n de una grabaci\u00f3n personal, realizada en casa, de 2 obras solistas distintas: <strong>un estudio t\u00e9cnico de virtuosidad<\/strong> (autor indefinido, al gusto) y <strong>una pieza del repertorio,<\/strong> suficientemente demostrativa de las calidades musicales del interprete, a elegir entre los autores siguientes:&nbsp;<strong>Bach, Haydn, Mozart, Beethoven, Brahms, Saint-Sa\u00ebns, Liszt, Tscha\u00efkowsky, Lalo, Paganini, Wieniawski, Sarasate, Berlioz, Ravel, Debussy, Bart\u00f3k.<\/strong><\/p>\n\n\n\n<p><span class=\"post-content__span\"> \n<strong>\u266b<\/strong><strong> Duraci\u00f3n cumulada \u2013 completa:<\/strong> 10 minutos.<\/p>\n\n\n\n<p><span class=\"post-content__span\"> Las dos grabaciones deben ser enviadas por correo electr\u00f3nico antes el <strong>S\u00e1bado15 de Agosto a las 2.00 P.M. a:<\/strong>&nbsp; \u2013 <strong>Louis Tillet, Director musical \u2013&nbsp; <\/strong><a href=\"mailto:louis.tillet@sfr.fr\">louis.tillet@sfr.fr<\/a>&nbsp;<\/p>\n\n\n\n<p><span class=\"post-content__span\"> \u266b <strong>Las piezas deben estar<\/strong> <strong>acompa\u00f1adas, en el mismo correo, de los documentos siguientes en piezas adjuntas<\/strong><\/p>\n\n\n\n<ul class=\"wp-block-list\"><li>1 Hoja de Vida completa con presentaci\u00f3n del estado civil, datos completos, y menci\u00f3n de los estudios cumplidos o en desarrollo, diplomas eventuales y actividades art\u00edsticas posiblemente en curso.<\/li><li>Una copia \u201cPdf\u201d de las dos partituras presentadas<\/li><li>una sucinta carta de motivaci\u00f3n, indicando particularmente la disponibilidad del m\u00fasico para integrase a la Orquesta, seg\u00fan una ocupaci\u00f3n de 6h semanales de ensayo \u2013 reales o virtuales, pudiendo incluir los s\u00e1bados&nbsp;y\/o Domingos \u2013 y una periodicidad mensual de prestaciones de concierto o de grabaci\u00f3n.<\/li><\/ul>\n\n\n\n<p><span class=\"post-content__span\"> Los estudiantes que pertenecieron a la orquesta en la vigencia 2019 deben realizar tambi\u00e9n audiciones para la nueva temporada vigencia 2020.<\/p>\n\n\n\n<p><span class=\"post-content__span\"> \u266b <strong>Resultados: <\/strong>Los resultados ser\u00e1n comunicados por correo electr\u00f3nico de la Vicerrector\u00eda de Responsabilidad Social y Bienestar Universitario de la Universidad Tecnol\u00f3gica de Pereira, lo m\u00e1s r\u00e1pidamente posible, una vez terminada la convocatoria.<\/p>\n\n\n\n<p><span class=\"post-content__span\"> \u266b <strong>Proceso de contrataci\u00f3n: El<\/strong> proceso de contrataci\u00f3n se iniciar\u00e1 a partir del 18 de agosto de 2020, por un contrato de aproximadamente 4 meses hasta el 16 de diciembre de 2020. Las personas que quedar\u00e1n admitidas s\u00f3lo podr\u00e1n hacer parte de un proyecto de la Vicerrector\u00eda de Responsabilidad Social y Bienestar Universitario.<\/p>\n\n\n\n<p><span class=\"post-content__span\"> \u266b <strong>Ensayos: <\/strong>Las modalidades de los ensayos de la Orquesta de Cuerdas de la Universidad Tecnol\u00f3gica de Pereira, ser\u00e1n definidas durante una reuni\u00f3n informativa que tendr\u00e1 lugar muy r\u00e1pidamente en la plataforma \u201czoom.us\u201d de la Orquesta, con los m\u00fasicos admitidos y el Director que les tendr\u00e1 informados en tiempo \u00fatil.<\/p>\n","protected":false},"excerpt":{"rendered":"<p>UNIVERSIDAD TECNOL\u00d3GICA DE PEREIRA \u2013 ORQUESTA DE CUERDAS CONVOCATORIA AUDICIONES TEMPORADA 2do SEMESTRE 2020 Director Titular: Louis TILLET La Vicerrector\u00eda [&hellip;]<\/p>\n","protected":false},"author":0,"featured_media":60547,"comment_status":"closed","ping_status":"closed","sticky":false,"template":"","format":"standard","meta":{"footnotes":""},"categories":[3],"tags":[],"class_list":["post-7101","post","type-post","status-publish","format-standard","has-post-thumbnail","hentry","category-noticias"],"_links":{"self":[{"href":"https:\/\/vicerrectorias.utp.edu.co\/responsabilidad-social\/wp-json\/wp\/v2\/posts\/7101","targetHints":{"allow":["GET"]}}],"collection":[{"href":"https:\/\/vicerrectorias.utp.edu.co\/responsabilidad-social\/wp-json\/wp\/v2\/posts"}],"about":[{"href":"https:\/\/vicerrectorias.utp.edu.co\/responsabilidad-social\/wp-json\/wp\/v2\/types\/post"}],"replies":[{"embeddable":true,"href":"https:\/\/vicerrectorias.utp.edu.co\/responsabilidad-social\/wp-json\/wp\/v2\/comments?post=7101"}],"version-history":[{"count":1,"href":"https:\/\/vicerrectorias.utp.edu.co\/responsabilidad-social\/wp-json\/wp\/v2\/posts\/7101\/revisions"}],"predecessor-version":[{"id":8916,"href":"https:\/\/vicerrectorias.utp.edu.co\/responsabilidad-social\/wp-json\/wp\/v2\/posts\/7101\/revisions\/8916"}],"wp:featuredmedia":[{"embeddable":true,"href":"https:\/\/vicerrectorias.utp.edu.co\/responsabilidad-social\/wp-json\/wp\/v2\/media\/60547"}],"wp:attachment":[{"href":"https:\/\/vicerrectorias.utp.edu.co\/responsabilidad-social\/wp-json\/wp\/v2\/media?parent=7101"}],"wp:term":[{"taxonomy":"category","embeddable":true,"href":"https:\/\/vicerrectorias.utp.edu.co\/responsabilidad-social\/wp-json\/wp\/v2\/categories?post=7101"},{"taxonomy":"post_tag","embeddable":true,"href":"https:\/\/vicerrectorias.utp.edu.co\/responsabilidad-social\/wp-json\/wp\/v2\/tags?post=7101"}],"curies":[{"name":"wp","href":"https:\/\/api.w.org\/{rel}","templated":true}]}}