{"id":7081,"date":"2020-08-04T12:41:36","date_gmt":"2020-08-04T10:41:36","guid":{"rendered":""},"modified":"2024-08-15T15:52:34","modified_gmt":"2024-08-15T13:52:34","slug":"tercero-cuarto-y-quinto-dia-de-la-semana-de-avu","status":"publish","type":"post","link":"https:\/\/vicerrectorias.utp.edu.co\/responsabilidad-social\/tercero-cuarto-y-quinto-dia-de-la-semana-de-avu\/","title":{"rendered":"Tercero, Cuarto y Quinto D\u00eda de la Semana de AVU"},"content":{"rendered":"\n<p><span class=\"post-content__span\"> A la fecha la Vicerrector\u00eda de Responsabilidad Social y Bienestar Universitario en articulaci\u00f3n con otras dependencias de la universidad han&nbsp;desarrollado con \u00e9xito el tercer, cuarto y quinto d\u00eda&nbsp;de la semana de Pruebas y Adaptaci\u00f3n a la vida universitaria, donde los estudiantes nuevos matriculados&nbsp;de programas acad\u00e9micos diurnos y nocturnos&nbsp;participaron e interactuaron en ambientes virtuales como:<\/p>\n\n\n\n<ul class=\"wp-block-list\"><li>La presentaci\u00f3n de la Vicerrector\u00eda de Responsabilidad Social y Bienestar Universitario.<\/li><li>Taller&nbsp;de S\u00edmbolos y Valores institucionales<\/li><li>Recorrido Virtual del Campus universitario<\/li><li>Sensibilizaci\u00f3n del proceso de inclusi\u00f3n en la UTP<\/li><li>Taller de Programaci\u00f3n Web, Portal estudiantil, PAI, Apoyos Socio-econ\u00f3micos.<\/li><li>Prueba de Acompa\u00f1amiento PAI-SAT-ASSIST-Comprensi\u00f3n Lectora<\/li><li>Presentaci\u00f3n de los Programas Acad\u00e9micos<\/li><li>Presentaci\u00f3n de la L\u00ednea Acad\u00e9mica&nbsp;<\/li><li>Las matem\u00e1ticas en la universidad<\/li><li>Pruebas de Matem\u00e1ticas<\/li><li>Prueba de Ingles<\/li><li>El recorrido por la Feria de Servicios Institucionales UTP<\/li><li>Conoce tu Facultad: La Universidad P\u00fablica y la Construcci\u00f3n de Pensamiento Cr\u00edtico en la Ingenier\u00eda<\/li><\/ul>\n\n\n\n<figure class=\"wp-block-image\"><img decoding=\"async\" src=\"https:\/\/vicerrectorias.utp.edu.co\/responsabilidad-social\/wp-content\/uploads\/sites\/12\/IMG-20200803-WA0008.jpeg\" alt=\"\"\/><\/figure>\n\n\n\n<figure class=\"wp-block-image\"><img decoding=\"async\" src=\"https:\/\/vicerrectorias.utp.edu.co\/responsabilidad-social\/wp-content\/uploads\/sites\/12\/IMG-20200731-WA0021.jpg\" alt=\"\"\/><\/figure>\n\n\n\n<figure class=\"wp-block-image\"><img decoding=\"async\" src=\"https:\/\/vicerrectorias.utp.edu.co\/responsabilidad-social\/wp-content\/uploads\/sites\/12\/IMG-20200731-WA0148.jpeg\" alt=\"\"\/><\/figure>\n\n\n\n<figure class=\"wp-block-image\"><img decoding=\"async\" src=\"https:\/\/vicerrectorias.utp.edu.co\/responsabilidad-social\/wp-content\/uploads\/sites\/12\/FERIA.PNG\" alt=\"\"\/><\/figure>\n\n\n\n<figure class=\"wp-block-image\"><img decoding=\"async\" src=\"https:\/\/vicerrectorias.utp.edu.co\/responsabilidad-social\/wp-content\/uploads\/sites\/12\/20200731_110432.jpg\" alt=\"\"\/><\/figure>\n","protected":false},"excerpt":{"rendered":"<p>A la fecha la Vicerrector\u00eda de Responsabilidad Social y Bienestar Universitario en articulaci\u00f3n con otras dependencias de la universidad han&nbsp;desarrollado [&hellip;]<\/p>\n","protected":false},"author":0,"featured_media":60545,"comment_status":"closed","ping_status":"closed","sticky":false,"template":"","format":"standard","meta":{"footnotes":""},"categories":[3],"tags":[],"class_list":["post-7081","post","type-post","status-publish","format-standard","has-post-thumbnail","hentry","category-noticias"],"_links":{"self":[{"href":"https:\/\/vicerrectorias.utp.edu.co\/responsabilidad-social\/wp-json\/wp\/v2\/posts\/7081","targetHints":{"allow":["GET"]}}],"collection":[{"href":"https:\/\/vicerrectorias.utp.edu.co\/responsabilidad-social\/wp-json\/wp\/v2\/posts"}],"about":[{"href":"https:\/\/vicerrectorias.utp.edu.co\/responsabilidad-social\/wp-json\/wp\/v2\/types\/post"}],"replies":[{"embeddable":true,"href":"https:\/\/vicerrectorias.utp.edu.co\/responsabilidad-social\/wp-json\/wp\/v2\/comments?post=7081"}],"version-history":[{"count":1,"href":"https:\/\/vicerrectorias.utp.edu.co\/responsabilidad-social\/wp-json\/wp\/v2\/posts\/7081\/revisions"}],"predecessor-version":[{"id":8919,"href":"https:\/\/vicerrectorias.utp.edu.co\/responsabilidad-social\/wp-json\/wp\/v2\/posts\/7081\/revisions\/8919"}],"wp:featuredmedia":[{"embeddable":true,"href":"https:\/\/vicerrectorias.utp.edu.co\/responsabilidad-social\/wp-json\/wp\/v2\/media\/60545"}],"wp:attachment":[{"href":"https:\/\/vicerrectorias.utp.edu.co\/responsabilidad-social\/wp-json\/wp\/v2\/media?parent=7081"}],"wp:term":[{"taxonomy":"category","embeddable":true,"href":"https:\/\/vicerrectorias.utp.edu.co\/responsabilidad-social\/wp-json\/wp\/v2\/categories?post=7081"},{"taxonomy":"post_tag","embeddable":true,"href":"https:\/\/vicerrectorias.utp.edu.co\/responsabilidad-social\/wp-json\/wp\/v2\/tags?post=7081"}],"curies":[{"name":"wp","href":"https:\/\/api.w.org\/{rel}","templated":true}]}}