{"id":7071,"date":"2020-08-04T19:45:16","date_gmt":"2020-08-04T17:45:16","guid":{"rendered":""},"modified":"2024-08-15T15:52:34","modified_gmt":"2024-08-15T13:52:34","slug":"convocatoria-para-los-apoyos-del-2020-2","status":"publish","type":"post","link":"https:\/\/vicerrectorias.utp.edu.co\/responsabilidad-social\/convocatoria-para-los-apoyos-del-2020-2\/","title":{"rendered":"Convocatoria para los apoyos del 2020-2"},"content":{"rendered":"\n<p><span class=\"post-content__span\"> La Vicerrector\u00eda de Responsabilidad Social y Bienestar Universitario, desde el \u00e1rea de Gesti\u00f3n Social \u2013 Promoci\u00f3n Social da a conocer la Convocatoria para los apoyos de bono de alimentaci\u00f3n, transporte, monitoria social, reliquidaci\u00f3n de matr\u00edcula, bono de matr\u00edcula para el per\u00edodo acad\u00e9mico 2020-2.<\/p>\n\n\n\n<figure class=\"wp-block-table\"><table><tbody><tr><td>\n<p><span class=\"post-content__span\"> <strong>Apertura del sistema de solicitud &#8211; A<\/strong><strong>poyos Socioecon\u00f3micos<\/strong><\/p>\n<\/td><\/tr><tr><td>\n<p><span class=\"post-content__span\"> <strong>Poblaci\u00f3n<\/strong><\/p>\n<\/td><td>\n<p><span class=\"post-content__span\"> <strong>Fecha de apertura<\/strong><\/p>\n<\/td><td>\n<p><span class=\"post-content__span\"> <strong>Fecha de cierre<\/strong><\/p>\n<\/td><\/tr><tr><td>\n<p><span class=\"post-content__span\"> <strong>Estudiantes nuevos<\/strong><\/p>\n<\/td><td>\n<p><span class=\"post-content__span\"> del 1 al 15 de agosto&nbsp;&nbsp;<\/p>\n<\/td><td>\n<p><span class=\"post-content__span\"> 15 de agosto de 2020<\/p>\n<\/td><\/tr><tr><td>\n<p><span class=\"post-content__span\"> <strong>Estudiantes antiguos<\/strong><\/p>\n<\/td><td>\n<p><span class=\"post-content__span\"> del 7 al 28 de agosto<\/p>\n<\/td><td>\n<p><span class=\"post-content__span\"> 28 de agosto de 2020<\/p>\n<\/td><\/tr><tr><td>\n<p><span class=\"post-content__span\"> <strong>Estudiantes reingreso<\/strong><\/p>\n<\/td><\/tr><\/tbody><\/table><\/figure>\n\n\n\n<p><span class=\"post-content__span\"> <strong>TENER EN CUENTA:&nbsp;<\/strong><\/p>\n\n\n\n<ul class=\"wp-block-list\"><li>El sistema se habilita&nbsp;<strong>SOLO<\/strong>&nbsp;para los casos que deben renovar la solicitud por vencimiento de la vigencia del apoyo.<\/li><li>El sistema se habilita&nbsp;<strong>SOLO<\/strong>&nbsp;para los estudiantes nuevos, reingresos y antiguos que no cuenten con ning\u00fan tipo de apoyo, beca o apadrinamiento y que, por sus condiciones socioecon\u00f3micas requieran realizar la solicitud.<\/li><li>Tenga en cuenta que los beneficios se asignan los beneficios con base a los cupos disponibles.<\/li><li>Si usted es un estudiante a quien se le ha renovado el beneficio para el presente semestre, por favor abst\u00e9ngase de tramitar informaci\u00f3n ante el sistema (la vigencia del beneficio le fue comunicada a su correo institucional).<\/li><li>Si usted es un estudiante que a la fecha cuenta con alguna beca, programa subsidiado o apadrinamiento; abstenerse de tramitar informaci\u00f3n ante el sistema.<\/li><li>Que el bono de matr\u00edcula y la reliquidaci\u00f3n de matr\u00edcula&nbsp; <strong>NO aplican para los programas acad\u00e9micos&nbsp;de&nbsp;jornada especial<\/strong> por el perfil financiero que los rige.<\/li><li>Que las fechas de apertura <strong>son para<\/strong> las solicitudes <strong>de estudios<\/strong> sociecon\u00f3micos.<\/li><li>Que&nbsp;en cuanto al bono de matr\u00edcula y reliquidaci\u00f3n de matr\u00edcula, se realizan las solicitudes y estudios este semestre (2020-2) y qui\u00e9nes salgan beneficiados ven reflejado el beneficio el semestre siguiente (2021-1)<\/li><\/ul>\n\n\n\n<p><span class=\"post-content__span\"> Las solicitudes deber\u00e1n ser realizadas a trav\u00e9s del software de solicitudes de Apoyo Socioecon\u00f3mico, ingresando por el Portal Estudiantil e integrando, actualizados y en formato PDF todos los documentos requeridos en la convocatoria para cada apoyo.<\/p>\n\n\n\n<p><span class=\"post-content__span\"> <strong>PASOS PARA LA SOLICITUD<\/strong><\/p>\n\n\n\n<figure class=\"wp-block-image\"><img decoding=\"async\" src=\"https:\/\/vicerrectorias.utp.edu.co\/responsabilidad-social\/wp-content\/uploads\/sites\/12\/111.PNG\" alt=\"\"\/><\/figure>\n\n\n\n<figure class=\"wp-block-image\"><img decoding=\"async\" src=\"https:\/\/vicerrectorias.utp.edu.co\/responsabilidad-social\/wp-content\/uploads\/sites\/12\/2Manual%20Solicitud%20Apoyos%20Socioeconomicos%20Estudiantes%20Antiguos%202018-2-2(2).jpg\" alt=\"\"\/><\/figure>\n","protected":false},"excerpt":{"rendered":"<p>La Vicerrector\u00eda de Responsabilidad Social y Bienestar Universitario, desde el \u00e1rea de Gesti\u00f3n Social \u2013 Promoci\u00f3n Social da a conocer [&hellip;]<\/p>\n","protected":false},"author":0,"featured_media":60544,"comment_status":"closed","ping_status":"closed","sticky":false,"template":"","format":"standard","meta":{"footnotes":""},"categories":[3],"tags":[],"class_list":["post-7071","post","type-post","status-publish","format-standard","has-post-thumbnail","hentry","category-noticias"],"_links":{"self":[{"href":"https:\/\/vicerrectorias.utp.edu.co\/responsabilidad-social\/wp-json\/wp\/v2\/posts\/7071","targetHints":{"allow":["GET"]}}],"collection":[{"href":"https:\/\/vicerrectorias.utp.edu.co\/responsabilidad-social\/wp-json\/wp\/v2\/posts"}],"about":[{"href":"https:\/\/vicerrectorias.utp.edu.co\/responsabilidad-social\/wp-json\/wp\/v2\/types\/post"}],"replies":[{"embeddable":true,"href":"https:\/\/vicerrectorias.utp.edu.co\/responsabilidad-social\/wp-json\/wp\/v2\/comments?post=7071"}],"version-history":[{"count":1,"href":"https:\/\/vicerrectorias.utp.edu.co\/responsabilidad-social\/wp-json\/wp\/v2\/posts\/7071\/revisions"}],"predecessor-version":[{"id":8918,"href":"https:\/\/vicerrectorias.utp.edu.co\/responsabilidad-social\/wp-json\/wp\/v2\/posts\/7071\/revisions\/8918"}],"wp:featuredmedia":[{"embeddable":true,"href":"https:\/\/vicerrectorias.utp.edu.co\/responsabilidad-social\/wp-json\/wp\/v2\/media\/60544"}],"wp:attachment":[{"href":"https:\/\/vicerrectorias.utp.edu.co\/responsabilidad-social\/wp-json\/wp\/v2\/media?parent=7071"}],"wp:term":[{"taxonomy":"category","embeddable":true,"href":"https:\/\/vicerrectorias.utp.edu.co\/responsabilidad-social\/wp-json\/wp\/v2\/categories?post=7071"},{"taxonomy":"post_tag","embeddable":true,"href":"https:\/\/vicerrectorias.utp.edu.co\/responsabilidad-social\/wp-json\/wp\/v2\/tags?post=7071"}],"curies":[{"name":"wp","href":"https:\/\/api.w.org\/{rel}","templated":true}]}}