{"id":7061,"date":"2020-08-01T10:46:45","date_gmt":"2020-08-01T08:46:45","guid":{"rendered":""},"modified":"2024-08-15T15:52:34","modified_gmt":"2024-08-15T13:52:34","slug":"primer-y-segundo-dia-semana-de-pruebas-avu","status":"publish","type":"post","link":"https:\/\/vicerrectorias.utp.edu.co\/responsabilidad-social\/primer-y-segundo-dia-semana-de-pruebas-avu\/","title":{"rendered":"Primer y Segundo D\u00eda &#8211; Semana de Pruebas A.V.U"},"content":{"rendered":"\n<p><span class=\"post-content__span\"> <span>El d\u00eda 30 de julio del 2020 la Vicerrector\u00eda de Responsabilidad Social y Bienestar Universitario en articulaci\u00f3n con Comunicaciones, la Vicerrector\u00eda Acad\u00e9mica y Univirtual desarrollaron el primer y segundo d\u00eda de la semana de Pruebas y Adaptaci\u00f3n a la vida universitaria, donde los estudiantes nuevos matriculados&nbsp;de programas acad\u00e9micos diurnos y nocturnos&nbsp;participaron e interactuaron en ambientes virtuales como: <\/span><\/p>\n\n\n\n<ul class=\"wp-block-list\"><li><span>La Bienvenida a los estudiantes por parte del&nbsp;Se\u00f1or rector y las Directivas<\/span><\/li><li><span>Taller&nbsp;de S\u00edmbolos y Valores institucionales<\/span><\/li><li><span>Recorrido Virtual del Campus universitario<\/span><\/li><li><span>Sensibilizaci\u00f3n del proceso de inclusi\u00f3n en la UTP<\/span><\/li><li><span>Taller de Programaci\u00f3n Web, Portal estudiantil, PAI, Apoyos Socio-econ\u00f3micos.<\/span><\/li><li><span>Prueba de Acompa\u00f1amiento PAI-SAT-ASSIST-Comprensi\u00f3n Lectora<\/span><\/li><li><span>Presentaci\u00f3n de algunos Programas Acad\u00e9micos<\/span><\/li><li><span>Presentaci\u00f3n de la L\u00ednea Acad\u00e9mica<span>&nbsp;<\/span><\/span><\/li><li><span>Las matem\u00e1ticas en la universidad<\/span><\/li><li><span>Pruebas de Matem\u00e1ticas<\/span><\/li><\/ul>\n\n\n\n<p><span class=\"post-content__span\"> <img decoding=\"async\" alt=\"\" src=\"https:\/\/vicerrectorias.utp.edu.co\/responsabilidad-social\/wp-content\/uploads\/sites\/12\/BIENEVENIDA.PNG\">\u200b<\/p>\n\n\n\n<figure class=\"wp-block-image\"><img decoding=\"async\" src=\"https:\/\/vicerrectorias.utp.edu.co\/responsabilidad-social\/wp-content\/uploads\/sites\/12\/BIENVENIDA%20NOCTURNA.PNG\" alt=\"\"\/><\/figure>\n\n\n\n<figure class=\"wp-block-image\"><img decoding=\"async\" src=\"https:\/\/vicerrectorias.utp.edu.co\/responsabilidad-social\/wp-content\/uploads\/sites\/12\/RECORRIDO%20VIRTUAL%20NOCTURNO.PNG\" alt=\"\"\/><\/figure>\n\n\n\n<figure class=\"wp-block-image\"><img decoding=\"async\" src=\"https:\/\/vicerrectorias.utp.edu.co\/responsabilidad-social\/wp-content\/uploads\/sites\/12\/TALLER%20DE%20INCLUSION.PNG\" alt=\"\"\/><\/figure>\n\n\n\n<figure class=\"wp-block-image\"><img decoding=\"async\" src=\"https:\/\/vicerrectorias.utp.edu.co\/responsabilidad-social\/wp-content\/uploads\/sites\/12\/LINEA%20DE%20ACOMPA%C3%91AMIENTO.PNG\" alt=\"\"\/><\/figure>\n\n\n\n<figure class=\"wp-block-image\"><img decoding=\"async\" src=\"https:\/\/vicerrectorias.utp.edu.co\/responsabilidad-social\/wp-content\/uploads\/sites\/12\/IMG-20200731-WA0004.jpeg\" alt=\"\"\/><\/figure>\n\n\n\n<figure class=\"wp-block-image\"><img decoding=\"async\" src=\"https:\/\/vicerrectorias.utp.edu.co\/responsabilidad-social\/wp-content\/uploads\/sites\/12\/IMG-20200731-WA0003.jpg\" alt=\"\"\/><\/figure>\n","protected":false},"excerpt":{"rendered":"<p>El d\u00eda 30 de julio del 2020 la Vicerrector\u00eda de Responsabilidad Social y Bienestar Universitario en articulaci\u00f3n con Comunicaciones, la [&hellip;]<\/p>\n","protected":false},"author":0,"featured_media":60543,"comment_status":"closed","ping_status":"closed","sticky":false,"template":"","format":"standard","meta":{"footnotes":""},"categories":[3],"tags":[],"class_list":["post-7061","post","type-post","status-publish","format-standard","has-post-thumbnail","hentry","category-noticias"],"_links":{"self":[{"href":"https:\/\/vicerrectorias.utp.edu.co\/responsabilidad-social\/wp-json\/wp\/v2\/posts\/7061","targetHints":{"allow":["GET"]}}],"collection":[{"href":"https:\/\/vicerrectorias.utp.edu.co\/responsabilidad-social\/wp-json\/wp\/v2\/posts"}],"about":[{"href":"https:\/\/vicerrectorias.utp.edu.co\/responsabilidad-social\/wp-json\/wp\/v2\/types\/post"}],"replies":[{"embeddable":true,"href":"https:\/\/vicerrectorias.utp.edu.co\/responsabilidad-social\/wp-json\/wp\/v2\/comments?post=7061"}],"version-history":[{"count":1,"href":"https:\/\/vicerrectorias.utp.edu.co\/responsabilidad-social\/wp-json\/wp\/v2\/posts\/7061\/revisions"}],"predecessor-version":[{"id":8920,"href":"https:\/\/vicerrectorias.utp.edu.co\/responsabilidad-social\/wp-json\/wp\/v2\/posts\/7061\/revisions\/8920"}],"wp:featuredmedia":[{"embeddable":true,"href":"https:\/\/vicerrectorias.utp.edu.co\/responsabilidad-social\/wp-json\/wp\/v2\/media\/60543"}],"wp:attachment":[{"href":"https:\/\/vicerrectorias.utp.edu.co\/responsabilidad-social\/wp-json\/wp\/v2\/media?parent=7061"}],"wp:term":[{"taxonomy":"category","embeddable":true,"href":"https:\/\/vicerrectorias.utp.edu.co\/responsabilidad-social\/wp-json\/wp\/v2\/categories?post=7061"},{"taxonomy":"post_tag","embeddable":true,"href":"https:\/\/vicerrectorias.utp.edu.co\/responsabilidad-social\/wp-json\/wp\/v2\/tags?post=7061"}],"curies":[{"name":"wp","href":"https:\/\/api.w.org\/{rel}","templated":true}]}}