{"id":7041,"date":"2020-07-28T13:23:13","date_gmt":"2020-07-28T11:23:13","guid":{"rendered":""},"modified":"2024-08-15T15:52:34","modified_gmt":"2024-08-15T13:52:34","slug":"mesa-de-ayuda-semana-de-pruebas-y-adaptacion-u","status":"publish","type":"post","link":"https:\/\/vicerrectorias.utp.edu.co\/responsabilidad-social\/mesa-de-ayuda-semana-de-pruebas-y-adaptacion-u\/","title":{"rendered":"Mesa de Ayuda &#8211; Semana de Pruebas y Adaptaci\u00f3n U"},"content":{"rendered":"\n<p><span class=\"post-content__span\"> La Vicerrector\u00eda de Responsabilidad Social y Bienestar Universitario invita&nbsp;&nbsp;a todos&nbsp;los estudiantes nuevos matriculados para el segundo semestre 2020-2 a dar clic en la infograf\u00eda que encontrar\u00e1n en la parte inferior para iniciar su Semana de Pruebas y Adaptaci\u00f3n a la Vida Universitaria que inicia a partir del jueves 30 de julio hasta el 5 de agosto del 2020.<\/p>\n\n\n\n<p><span class=\"post-content__span\"> Tambi\u00e9n se&nbsp; informa que se habilitar\u00e1 desde el 28 de julio del 2020 una mesa de ayuda para resolver inquietudes y dudas que el estudiante tenga frente a las diferentes plataformas virtuales y programaci\u00f3n&nbsp;de la semana.<\/p>\n\n\n\n<figure class=\"wp-block-image\"><a href=\"https:\/\/view.genial.ly\/5f1b144b1829700da368a725\/interactive-content-actual-semana-de-adaptacion-a-la-vida-universitaria\"><img decoding=\"async\" src=\"https:\/\/vicerrectorias.utp.edu.co\/responsabilidad-social\/wp-content\/uploads\/sites\/12\/Infograf%C3%ADa%20semana%20de%20pruebas_Mesa%20de%20trabajo%201%20(3).jpg\" alt=\"\"\/><\/a><\/figure>\n","protected":false},"excerpt":{"rendered":"<p>La Vicerrector\u00eda de Responsabilidad Social y Bienestar Universitario invita&nbsp;&nbsp;a todos&nbsp;los estudiantes nuevos matriculados para el segundo semestre 2020-2 a dar [&hellip;]<\/p>\n","protected":false},"author":0,"featured_media":60540,"comment_status":"closed","ping_status":"closed","sticky":false,"template":"","format":"standard","meta":{"footnotes":""},"categories":[3],"tags":[],"class_list":["post-7041","post","type-post","status-publish","format-standard","has-post-thumbnail","hentry","category-noticias"],"_links":{"self":[{"href":"https:\/\/vicerrectorias.utp.edu.co\/responsabilidad-social\/wp-json\/wp\/v2\/posts\/7041","targetHints":{"allow":["GET"]}}],"collection":[{"href":"https:\/\/vicerrectorias.utp.edu.co\/responsabilidad-social\/wp-json\/wp\/v2\/posts"}],"about":[{"href":"https:\/\/vicerrectorias.utp.edu.co\/responsabilidad-social\/wp-json\/wp\/v2\/types\/post"}],"replies":[{"embeddable":true,"href":"https:\/\/vicerrectorias.utp.edu.co\/responsabilidad-social\/wp-json\/wp\/v2\/comments?post=7041"}],"version-history":[{"count":1,"href":"https:\/\/vicerrectorias.utp.edu.co\/responsabilidad-social\/wp-json\/wp\/v2\/posts\/7041\/revisions"}],"predecessor-version":[{"id":8922,"href":"https:\/\/vicerrectorias.utp.edu.co\/responsabilidad-social\/wp-json\/wp\/v2\/posts\/7041\/revisions\/8922"}],"wp:featuredmedia":[{"embeddable":true,"href":"https:\/\/vicerrectorias.utp.edu.co\/responsabilidad-social\/wp-json\/wp\/v2\/media\/60540"}],"wp:attachment":[{"href":"https:\/\/vicerrectorias.utp.edu.co\/responsabilidad-social\/wp-json\/wp\/v2\/media?parent=7041"}],"wp:term":[{"taxonomy":"category","embeddable":true,"href":"https:\/\/vicerrectorias.utp.edu.co\/responsabilidad-social\/wp-json\/wp\/v2\/categories?post=7041"},{"taxonomy":"post_tag","embeddable":true,"href":"https:\/\/vicerrectorias.utp.edu.co\/responsabilidad-social\/wp-json\/wp\/v2\/tags?post=7041"}],"curies":[{"name":"wp","href":"https:\/\/api.w.org\/{rel}","templated":true}]}}