{"id":7031,"date":"2020-07-24T15:56:01","date_gmt":"2020-07-24T13:56:01","guid":{"rendered":""},"modified":"2024-08-15T15:52:34","modified_gmt":"2024-08-15T13:52:34","slug":"bienestar-informa-24072020","status":"publish","type":"post","link":"https:\/\/vicerrectorias.utp.edu.co\/responsabilidad-social\/bienestar-informa-24072020\/","title":{"rendered":"Bienestar informa 24\/07\/2020"},"content":{"rendered":"\n<p><span class=\"post-content__span\"> <span>Se realizaron m\u00faltiples actividades de deporte, actividad f\u00edsica, conversatorios en salud mental y f\u00edsica, adem\u00e1s de importantes gestiones y alianzas con el sector p\u00fablico (departamental y municipal) y privado que permitieron continuar educando a los j\u00f3venes de nuestra regi\u00f3n. Por esto si no pudiste participar en alg\u00fan de estos eventos ampl\u00eda la informaci\u00f3n leyendo nuestro bolet\u00edn informativo.<\/span><\/p>\n\n\n\n<figure class=\"wp-block-image\"><img decoding=\"async\" src=\"https:\/\/vicerrectorias.utp.edu.co\/responsabilidad-social\/wp-content\/uploads\/sites\/12\/Boletin%2015%20d%20Julio-01%282%29.jpg\" alt=\"\"\/><\/figure>\n","protected":false},"excerpt":{"rendered":"<p>Se realizaron m\u00faltiples actividades de deporte, actividad f\u00edsica, conversatorios en salud mental y f\u00edsica, adem\u00e1s de importantes gestiones y alianzas [&hellip;]<\/p>\n","protected":false},"author":0,"featured_media":60539,"comment_status":"closed","ping_status":"closed","sticky":false,"template":"","format":"standard","meta":{"footnotes":""},"categories":[3],"tags":[],"class_list":["post-7031","post","type-post","status-publish","format-standard","has-post-thumbnail","hentry","category-noticias"],"_links":{"self":[{"href":"https:\/\/vicerrectorias.utp.edu.co\/responsabilidad-social\/wp-json\/wp\/v2\/posts\/7031","targetHints":{"allow":["GET"]}}],"collection":[{"href":"https:\/\/vicerrectorias.utp.edu.co\/responsabilidad-social\/wp-json\/wp\/v2\/posts"}],"about":[{"href":"https:\/\/vicerrectorias.utp.edu.co\/responsabilidad-social\/wp-json\/wp\/v2\/types\/post"}],"replies":[{"embeddable":true,"href":"https:\/\/vicerrectorias.utp.edu.co\/responsabilidad-social\/wp-json\/wp\/v2\/comments?post=7031"}],"version-history":[{"count":1,"href":"https:\/\/vicerrectorias.utp.edu.co\/responsabilidad-social\/wp-json\/wp\/v2\/posts\/7031\/revisions"}],"predecessor-version":[{"id":8923,"href":"https:\/\/vicerrectorias.utp.edu.co\/responsabilidad-social\/wp-json\/wp\/v2\/posts\/7031\/revisions\/8923"}],"wp:featuredmedia":[{"embeddable":true,"href":"https:\/\/vicerrectorias.utp.edu.co\/responsabilidad-social\/wp-json\/wp\/v2\/media\/60539"}],"wp:attachment":[{"href":"https:\/\/vicerrectorias.utp.edu.co\/responsabilidad-social\/wp-json\/wp\/v2\/media?parent=7031"}],"wp:term":[{"taxonomy":"category","embeddable":true,"href":"https:\/\/vicerrectorias.utp.edu.co\/responsabilidad-social\/wp-json\/wp\/v2\/categories?post=7031"},{"taxonomy":"post_tag","embeddable":true,"href":"https:\/\/vicerrectorias.utp.edu.co\/responsabilidad-social\/wp-json\/wp\/v2\/tags?post=7031"}],"curies":[{"name":"wp","href":"https:\/\/api.w.org\/{rel}","templated":true}]}}