{"id":7011,"date":"2020-07-22T14:58:35","date_gmt":"2020-07-22T12:58:35","guid":{"rendered":""},"modified":"2024-08-15T15:52:34","modified_gmt":"2024-08-15T13:52:34","slug":"accede-a-la-educacion-superior","status":"publish","type":"post","link":"https:\/\/vicerrectorias.utp.edu.co\/responsabilidad-social\/accede-a-la-educacion-superior\/","title":{"rendered":"Accede a la Educaci\u00f3n Superior"},"content":{"rendered":"\n<p><span class=\"post-content__span\"> La Vicerrector\u00eda de Responsabilidad Social y Bienestar Universitario de la UTP, abre la convocatoria para 2 nuevos cupos en el programa Becas Talento en alianza con la fundaci\u00f3n Renault. si est\u00e1 interesado en pertenecer a este Programa y cumple los siguientes requisitos, inscr\u00edbase para ser beneficiario.<\/p>\n\n\n\n<figure class=\"wp-block-image\"><img decoding=\"async\" src=\"https:\/\/vicerrectorias.utp.edu.co\/responsabilidad-social\/wp-content\/uploads\/sites\/12\/RENAULT_Mesa%20de%20trabajo%201.jpg\" alt=\"\"\/><\/figure>\n\n\n\n<figure class=\"wp-block-image\"><a href=\"https:\/\/docs.google.com\/forms\/d\/e\/1FAIpQLSecgoXMhKZGOj1d9LyC-yXZ5P9RniPSPnV_pQFz6cRyeheing\/viewform?usp=sf_link\"><img decoding=\"async\" src=\"https:\/\/vicerrectorias.utp.edu.co\/responsabilidad-social\/wp-content\/uploads\/sites\/12\/RENAULT_Mesa%20de%20trabajo%201%20copia%281%29.jpg\" alt=\"\"\/><\/a><\/figure>\n","protected":false},"excerpt":{"rendered":"<p>La Vicerrector\u00eda de Responsabilidad Social y Bienestar Universitario de la UTP, abre la convocatoria para 2 nuevos cupos en el [&hellip;]<\/p>\n","protected":false},"author":0,"featured_media":60537,"comment_status":"closed","ping_status":"closed","sticky":false,"template":"","format":"standard","meta":{"footnotes":""},"categories":[3],"tags":[],"class_list":["post-7011","post","type-post","status-publish","format-standard","has-post-thumbnail","hentry","category-noticias"],"_links":{"self":[{"href":"https:\/\/vicerrectorias.utp.edu.co\/responsabilidad-social\/wp-json\/wp\/v2\/posts\/7011","targetHints":{"allow":["GET"]}}],"collection":[{"href":"https:\/\/vicerrectorias.utp.edu.co\/responsabilidad-social\/wp-json\/wp\/v2\/posts"}],"about":[{"href":"https:\/\/vicerrectorias.utp.edu.co\/responsabilidad-social\/wp-json\/wp\/v2\/types\/post"}],"replies":[{"embeddable":true,"href":"https:\/\/vicerrectorias.utp.edu.co\/responsabilidad-social\/wp-json\/wp\/v2\/comments?post=7011"}],"version-history":[{"count":1,"href":"https:\/\/vicerrectorias.utp.edu.co\/responsabilidad-social\/wp-json\/wp\/v2\/posts\/7011\/revisions"}],"predecessor-version":[{"id":8925,"href":"https:\/\/vicerrectorias.utp.edu.co\/responsabilidad-social\/wp-json\/wp\/v2\/posts\/7011\/revisions\/8925"}],"wp:featuredmedia":[{"embeddable":true,"href":"https:\/\/vicerrectorias.utp.edu.co\/responsabilidad-social\/wp-json\/wp\/v2\/media\/60537"}],"wp:attachment":[{"href":"https:\/\/vicerrectorias.utp.edu.co\/responsabilidad-social\/wp-json\/wp\/v2\/media?parent=7011"}],"wp:term":[{"taxonomy":"category","embeddable":true,"href":"https:\/\/vicerrectorias.utp.edu.co\/responsabilidad-social\/wp-json\/wp\/v2\/categories?post=7011"},{"taxonomy":"post_tag","embeddable":true,"href":"https:\/\/vicerrectorias.utp.edu.co\/responsabilidad-social\/wp-json\/wp\/v2\/tags?post=7011"}],"curies":[{"name":"wp","href":"https:\/\/api.w.org\/{rel}","templated":true}]}}