{"id":6991,"date":"2020-06-17T10:37:42","date_gmt":"2020-06-17T08:37:42","guid":{"rendered":""},"modified":"2024-08-15T15:52:34","modified_gmt":"2024-08-15T13:52:34","slug":"bienestar-informa-17062020","status":"publish","type":"post","link":"https:\/\/vicerrectorias.utp.edu.co\/responsabilidad-social\/bienestar-informa-17062020\/","title":{"rendered":"Bienestar informa 17\/06\/2020"},"content":{"rendered":"\n<p><span class=\"post-content__span\"> <span>Del 01 de junio al 15 de junio se realizaron m\u00faltiples actividades de deporte, actividad f\u00edsica, conversatorios en salud mental y f\u00edsica, adem\u00e1s de la informaci\u00f3n de inter\u00e9s, los cuales tuvieron difusi\u00f3n por los medios tanto institucionales como propios de nuestra vicerrector\u00eda como lo son la emisora, el Facebook y nuestra p\u00e1gina Web, por esto sino no pudiste participar en alg\u00fan de estos eventos amplia la informaci\u00f3n leyendo nuestro bolet\u00edn informativo.<\/span><\/p>\n\n\n\n<figure class=\"wp-block-image\"><img decoding=\"async\" src=\"https:\/\/vicerrectorias.utp.edu.co\/responsabilidad-social\/wp-content\/uploads\/sites\/12\/Boletin%2017%20de%20Junio-01.jpg\" alt=\"\"\/><\/figure>\n","protected":false},"excerpt":{"rendered":"<p>Del 01 de junio al 15 de junio se realizaron m\u00faltiples actividades de deporte, actividad f\u00edsica, conversatorios en salud mental [&hellip;]<\/p>\n","protected":false},"author":0,"featured_media":60536,"comment_status":"closed","ping_status":"closed","sticky":false,"template":"","format":"standard","meta":{"footnotes":""},"categories":[3],"tags":[],"class_list":["post-6991","post","type-post","status-publish","format-standard","has-post-thumbnail","hentry","category-noticias"],"_links":{"self":[{"href":"https:\/\/vicerrectorias.utp.edu.co\/responsabilidad-social\/wp-json\/wp\/v2\/posts\/6991","targetHints":{"allow":["GET"]}}],"collection":[{"href":"https:\/\/vicerrectorias.utp.edu.co\/responsabilidad-social\/wp-json\/wp\/v2\/posts"}],"about":[{"href":"https:\/\/vicerrectorias.utp.edu.co\/responsabilidad-social\/wp-json\/wp\/v2\/types\/post"}],"replies":[{"embeddable":true,"href":"https:\/\/vicerrectorias.utp.edu.co\/responsabilidad-social\/wp-json\/wp\/v2\/comments?post=6991"}],"version-history":[{"count":1,"href":"https:\/\/vicerrectorias.utp.edu.co\/responsabilidad-social\/wp-json\/wp\/v2\/posts\/6991\/revisions"}],"predecessor-version":[{"id":8926,"href":"https:\/\/vicerrectorias.utp.edu.co\/responsabilidad-social\/wp-json\/wp\/v2\/posts\/6991\/revisions\/8926"}],"wp:featuredmedia":[{"embeddable":true,"href":"https:\/\/vicerrectorias.utp.edu.co\/responsabilidad-social\/wp-json\/wp\/v2\/media\/60536"}],"wp:attachment":[{"href":"https:\/\/vicerrectorias.utp.edu.co\/responsabilidad-social\/wp-json\/wp\/v2\/media?parent=6991"}],"wp:term":[{"taxonomy":"category","embeddable":true,"href":"https:\/\/vicerrectorias.utp.edu.co\/responsabilidad-social\/wp-json\/wp\/v2\/categories?post=6991"},{"taxonomy":"post_tag","embeddable":true,"href":"https:\/\/vicerrectorias.utp.edu.co\/responsabilidad-social\/wp-json\/wp\/v2\/tags?post=6991"}],"curies":[{"name":"wp","href":"https:\/\/api.w.org\/{rel}","templated":true}]}}