{"id":6981,"date":"2020-06-02T14:20:53","date_gmt":"2020-06-02T12:20:53","guid":{"rendered":""},"modified":"2024-08-15T14:59:06","modified_gmt":"2024-08-15T12:59:06","slug":"bienestar-informa-02062020","status":"publish","type":"post","link":"https:\/\/vicerrectorias.utp.edu.co\/responsabilidad-social\/bienestar-informa-02062020\/","title":{"rendered":"Bienestar informa 02\/06\/2020"},"content":{"rendered":"\n<p><span class=\"post-content__span\"> Del 16 de mayo al 31 de mayo se realizaron m\u00faltiples actividades de deporte, actividad f\u00edsica, conversatorios en salud mental y f\u00edsica, informaci\u00f3n de inter\u00e9s los cuales tuvieron difusi\u00f3n por los medios tanto institucionales como propios de nuestra vicerrector\u00eda como lo son la emisora, el Facebook y nuestra p\u00e1gina Web, por esto sino no pudiste participar en alg\u00fan de estos eventos amplia la informaci\u00f3n leyendo nuestro bolet\u00edn informativo.<\/p>\n\n\n\n<figure class=\"wp-block-image size-full\"><img loading=\"lazy\" decoding=\"async\" width=\"4862\" height=\"4284\" src=\"https:\/\/vicerrectorias.utp.edu.co\/responsabilidad-social\/wp-content\/uploads\/sites\/12\/Boletin-01-de-junio-01.jpg\" alt=\"\" class=\"wp-image-60775\"\/><\/figure>\n","protected":false},"excerpt":{"rendered":"<p>Del 16 de mayo al 31 de mayo se realizaron m\u00faltiples actividades de deporte, actividad f\u00edsica, conversatorios en salud mental [&hellip;]<\/p>\n","protected":false},"author":0,"featured_media":60535,"comment_status":"closed","ping_status":"closed","sticky":false,"template":"","format":"standard","meta":{"footnotes":""},"categories":[3],"tags":[],"class_list":["post-6981","post","type-post","status-publish","format-standard","has-post-thumbnail","hentry","category-noticias"],"_links":{"self":[{"href":"https:\/\/vicerrectorias.utp.edu.co\/responsabilidad-social\/wp-json\/wp\/v2\/posts\/6981","targetHints":{"allow":["GET"]}}],"collection":[{"href":"https:\/\/vicerrectorias.utp.edu.co\/responsabilidad-social\/wp-json\/wp\/v2\/posts"}],"about":[{"href":"https:\/\/vicerrectorias.utp.edu.co\/responsabilidad-social\/wp-json\/wp\/v2\/types\/post"}],"replies":[{"embeddable":true,"href":"https:\/\/vicerrectorias.utp.edu.co\/responsabilidad-social\/wp-json\/wp\/v2\/comments?post=6981"}],"version-history":[{"count":2,"href":"https:\/\/vicerrectorias.utp.edu.co\/responsabilidad-social\/wp-json\/wp\/v2\/posts\/6981\/revisions"}],"predecessor-version":[{"id":8927,"href":"https:\/\/vicerrectorias.utp.edu.co\/responsabilidad-social\/wp-json\/wp\/v2\/posts\/6981\/revisions\/8927"}],"wp:featuredmedia":[{"embeddable":true,"href":"https:\/\/vicerrectorias.utp.edu.co\/responsabilidad-social\/wp-json\/wp\/v2\/media\/60535"}],"wp:attachment":[{"href":"https:\/\/vicerrectorias.utp.edu.co\/responsabilidad-social\/wp-json\/wp\/v2\/media?parent=6981"}],"wp:term":[{"taxonomy":"category","embeddable":true,"href":"https:\/\/vicerrectorias.utp.edu.co\/responsabilidad-social\/wp-json\/wp\/v2\/categories?post=6981"},{"taxonomy":"post_tag","embeddable":true,"href":"https:\/\/vicerrectorias.utp.edu.co\/responsabilidad-social\/wp-json\/wp\/v2\/tags?post=6981"}],"curies":[{"name":"wp","href":"https:\/\/api.w.org\/{rel}","templated":true}]}}