{"id":6971,"date":"2020-05-20T23:02:26","date_gmt":"2020-05-20T21:02:26","guid":{"rendered":""},"modified":"2024-08-20T14:24:18","modified_gmt":"2024-08-20T12:24:18","slug":"talleres-artistico-culturales-utp","status":"publish","type":"post","link":"https:\/\/vicerrectorias.utp.edu.co\/responsabilidad-social\/talleres-artistico-culturales-utp\/","title":{"rendered":"Talleres art\u00edstico culturales UTP"},"content":{"rendered":"\n<p><span class=\"post-content__span\"> Da click e inscribite para participar de nuestros encuentros&nbsp;donde podr\u00e1s disfrutar de diferentes muestras folcl\u00f3ricas y bailes de sal\u00f3n.&nbsp;<\/p>\n\n\n<div class=\"wp-block-image\">\n<figure class=\"aligncenter size-full\"><img loading=\"lazy\" decoding=\"async\" width=\"2084\" height=\"2005\" src=\"https:\/\/vicerrectorias.utp.edu.co\/responsabilidad-social\/wp-content\/uploads\/sites\/12\/Talleres-artistico-culturales-011.jpg\" alt=\"\" class=\"wp-image-61312\"\/><\/figure>\n<\/div>","protected":false},"excerpt":{"rendered":"<p>Da click e inscribite para participar de nuestros encuentros&nbsp;donde podr\u00e1s disfrutar de diferentes muestras folcl\u00f3ricas y bailes de sal\u00f3n.&nbsp;<\/p>\n","protected":false},"author":0,"featured_media":60534,"comment_status":"closed","ping_status":"closed","sticky":false,"template":"","format":"standard","meta":{"footnotes":""},"categories":[3],"tags":[],"class_list":["post-6971","post","type-post","status-publish","format-standard","has-post-thumbnail","hentry","category-noticias"],"_links":{"self":[{"href":"https:\/\/vicerrectorias.utp.edu.co\/responsabilidad-social\/wp-json\/wp\/v2\/posts\/6971","targetHints":{"allow":["GET"]}}],"collection":[{"href":"https:\/\/vicerrectorias.utp.edu.co\/responsabilidad-social\/wp-json\/wp\/v2\/posts"}],"about":[{"href":"https:\/\/vicerrectorias.utp.edu.co\/responsabilidad-social\/wp-json\/wp\/v2\/types\/post"}],"replies":[{"embeddable":true,"href":"https:\/\/vicerrectorias.utp.edu.co\/responsabilidad-social\/wp-json\/wp\/v2\/comments?post=6971"}],"version-history":[{"count":3,"href":"https:\/\/vicerrectorias.utp.edu.co\/responsabilidad-social\/wp-json\/wp\/v2\/posts\/6971\/revisions"}],"predecessor-version":[{"id":61314,"href":"https:\/\/vicerrectorias.utp.edu.co\/responsabilidad-social\/wp-json\/wp\/v2\/posts\/6971\/revisions\/61314"}],"wp:featuredmedia":[{"embeddable":true,"href":"https:\/\/vicerrectorias.utp.edu.co\/responsabilidad-social\/wp-json\/wp\/v2\/media\/60534"}],"wp:attachment":[{"href":"https:\/\/vicerrectorias.utp.edu.co\/responsabilidad-social\/wp-json\/wp\/v2\/media?parent=6971"}],"wp:term":[{"taxonomy":"category","embeddable":true,"href":"https:\/\/vicerrectorias.utp.edu.co\/responsabilidad-social\/wp-json\/wp\/v2\/categories?post=6971"},{"taxonomy":"post_tag","embeddable":true,"href":"https:\/\/vicerrectorias.utp.edu.co\/responsabilidad-social\/wp-json\/wp\/v2\/tags?post=6971"}],"curies":[{"name":"wp","href":"https:\/\/api.w.org\/{rel}","templated":true}]}}