{"id":6961,"date":"2020-05-20T18:20:58","date_gmt":"2020-05-20T16:20:58","guid":{"rendered":""},"modified":"2024-08-15T15:52:34","modified_gmt":"2024-08-15T13:52:34","slug":"apertura-del-gimnasio-virtual","status":"publish","type":"post","link":"https:\/\/vicerrectorias.utp.edu.co\/responsabilidad-social\/apertura-del-gimnasio-virtual\/","title":{"rendered":"Apertura del gimnasio virtual"},"content":{"rendered":"\n<p><span class=\"post-content__span\"> La VRSBU da apertura oficial a la oferta de actividades del Centro de Desarrollo F\u00edsico ( Gimnasio ) y el Club de la salud. Oferta que est\u00e1&nbsp;dirigida a toda la comunidad universitaria, estudiantes, docentes, administrativos, egresados y jubilados de la Universidad Tecnol\u00f3gica de Pereira.&nbsp;<\/p>\n\n\n\n<p><span class=\"post-content__span\"> An\u00edmate a conocer la oferta y da click en inscripciones.<\/p>\n\n\n\n<p><span class=\"post-content__span\"> Una vez te inscribas te contactaremos v\u00eda correo electr\u00f3nico para orientarme con el profesional que guiar\u00e1 tu proceso seg\u00fan tus objetivos.<\/p>\n\n\n\n<figure class=\"wp-block-image\"><a href=\"https:\/\/forms.gle\/vavCjVuymkfXj4dL8\"><img decoding=\"async\" src=\"https:\/\/vicerrectorias.utp.edu.co\/responsabilidad-social\/wp-content\/uploads\/sites\/12\/Semanario%20curvas_Mesa%20de%20trabajo%201%20copia.jpg\" alt=\"\"\/><\/a><\/figure>\n","protected":false},"excerpt":{"rendered":"<p>La VRSBU da apertura oficial a la oferta de actividades del Centro de Desarrollo F\u00edsico ( Gimnasio ) y el [&hellip;]<\/p>\n","protected":false},"author":0,"featured_media":60533,"comment_status":"closed","ping_status":"closed","sticky":false,"template":"","format":"standard","meta":{"footnotes":""},"categories":[3],"tags":[],"class_list":["post-6961","post","type-post","status-publish","format-standard","has-post-thumbnail","hentry","category-noticias"],"_links":{"self":[{"href":"https:\/\/vicerrectorias.utp.edu.co\/responsabilidad-social\/wp-json\/wp\/v2\/posts\/6961","targetHints":{"allow":["GET"]}}],"collection":[{"href":"https:\/\/vicerrectorias.utp.edu.co\/responsabilidad-social\/wp-json\/wp\/v2\/posts"}],"about":[{"href":"https:\/\/vicerrectorias.utp.edu.co\/responsabilidad-social\/wp-json\/wp\/v2\/types\/post"}],"replies":[{"embeddable":true,"href":"https:\/\/vicerrectorias.utp.edu.co\/responsabilidad-social\/wp-json\/wp\/v2\/comments?post=6961"}],"version-history":[{"count":1,"href":"https:\/\/vicerrectorias.utp.edu.co\/responsabilidad-social\/wp-json\/wp\/v2\/posts\/6961\/revisions"}],"predecessor-version":[{"id":8929,"href":"https:\/\/vicerrectorias.utp.edu.co\/responsabilidad-social\/wp-json\/wp\/v2\/posts\/6961\/revisions\/8929"}],"wp:featuredmedia":[{"embeddable":true,"href":"https:\/\/vicerrectorias.utp.edu.co\/responsabilidad-social\/wp-json\/wp\/v2\/media\/60533"}],"wp:attachment":[{"href":"https:\/\/vicerrectorias.utp.edu.co\/responsabilidad-social\/wp-json\/wp\/v2\/media?parent=6961"}],"wp:term":[{"taxonomy":"category","embeddable":true,"href":"https:\/\/vicerrectorias.utp.edu.co\/responsabilidad-social\/wp-json\/wp\/v2\/categories?post=6961"},{"taxonomy":"post_tag","embeddable":true,"href":"https:\/\/vicerrectorias.utp.edu.co\/responsabilidad-social\/wp-json\/wp\/v2\/tags?post=6961"}],"curies":[{"name":"wp","href":"https:\/\/api.w.org\/{rel}","templated":true}]}}