{"id":6921,"date":"2020-05-06T09:52:04","date_gmt":"2020-05-06T07:52:04","guid":{"rendered":""},"modified":"2024-08-15T15:52:34","modified_gmt":"2024-08-15T13:52:34","slug":"reconocimiento","status":"publish","type":"post","link":"https:\/\/vicerrectorias.utp.edu.co\/responsabilidad-social\/reconocimiento\/","title":{"rendered":"Reconocimiento"},"content":{"rendered":"\n<p><span class=\"post-content__span\"> En sesi\u00f3n ordinaria del 15 de abril del 2020 el consejo acad\u00e9mico exalta la labor desarrollada por el programa de acompa\u00f1amiento integral y el observatorio social bajo la direcci\u00f3n de la doctora Diana Patricia G\u00f3mez Botero en este tiempo de coyuntura de la pandemia COVID-19, adem\u00e1s reconoce que la Vicerrectora de Responsabilidad Social y Bienestar Universitario&nbsp; tiene un excelente equipo de trabajo.<\/p>\n\n\n\n<p><span class=\"post-content__span\"> \u00a1Felicitaciones!<\/p>\n\n\n\n<figure class=\"wp-block-image\"><img decoding=\"async\" src=\"https:\/\/vicerrectorias.utp.edu.co\/responsabilidad-social\/wp-content\/uploads\/sites\/12\/reconocimiento_Mesa%20de%20trabajo%201%284%29.jpg\" alt=\"\"\/><\/figure>\n","protected":false},"excerpt":{"rendered":"<p>En sesi\u00f3n ordinaria del 15 de abril del 2020 el consejo acad\u00e9mico exalta la labor desarrollada por el programa de [&hellip;]<\/p>\n","protected":false},"author":0,"featured_media":60529,"comment_status":"closed","ping_status":"closed","sticky":false,"template":"","format":"standard","meta":{"footnotes":""},"categories":[3],"tags":[],"class_list":["post-6921","post","type-post","status-publish","format-standard","has-post-thumbnail","hentry","category-noticias"],"_links":{"self":[{"href":"https:\/\/vicerrectorias.utp.edu.co\/responsabilidad-social\/wp-json\/wp\/v2\/posts\/6921","targetHints":{"allow":["GET"]}}],"collection":[{"href":"https:\/\/vicerrectorias.utp.edu.co\/responsabilidad-social\/wp-json\/wp\/v2\/posts"}],"about":[{"href":"https:\/\/vicerrectorias.utp.edu.co\/responsabilidad-social\/wp-json\/wp\/v2\/types\/post"}],"replies":[{"embeddable":true,"href":"https:\/\/vicerrectorias.utp.edu.co\/responsabilidad-social\/wp-json\/wp\/v2\/comments?post=6921"}],"version-history":[{"count":1,"href":"https:\/\/vicerrectorias.utp.edu.co\/responsabilidad-social\/wp-json\/wp\/v2\/posts\/6921\/revisions"}],"predecessor-version":[{"id":8933,"href":"https:\/\/vicerrectorias.utp.edu.co\/responsabilidad-social\/wp-json\/wp\/v2\/posts\/6921\/revisions\/8933"}],"wp:featuredmedia":[{"embeddable":true,"href":"https:\/\/vicerrectorias.utp.edu.co\/responsabilidad-social\/wp-json\/wp\/v2\/media\/60529"}],"wp:attachment":[{"href":"https:\/\/vicerrectorias.utp.edu.co\/responsabilidad-social\/wp-json\/wp\/v2\/media?parent=6921"}],"wp:term":[{"taxonomy":"category","embeddable":true,"href":"https:\/\/vicerrectorias.utp.edu.co\/responsabilidad-social\/wp-json\/wp\/v2\/categories?post=6921"},{"taxonomy":"post_tag","embeddable":true,"href":"https:\/\/vicerrectorias.utp.edu.co\/responsabilidad-social\/wp-json\/wp\/v2\/tags?post=6921"}],"curies":[{"name":"wp","href":"https:\/\/api.w.org\/{rel}","templated":true}]}}