{"id":6901,"date":"2020-04-24T19:28:25","date_gmt":"2020-04-24T17:28:25","guid":{"rendered":""},"modified":"2024-08-15T15:52:34","modified_gmt":"2024-08-15T13:52:34","slug":"consejo-de-juventudes-2020","status":"publish","type":"post","link":"https:\/\/vicerrectorias.utp.edu.co\/responsabilidad-social\/consejo-de-juventudes-2020\/","title":{"rendered":"Consejo de juventudes 2020"},"content":{"rendered":"\n<p><span class=\"post-content__span\"> Elecciones consejo de juventudes: \u00bfSab\u00edas que gracias al consejo de juventudes podemos lograr acuerdos y resolver algunas necesidades de nuestra comunidad? Ent\u00e9rate por medio de este v\u00eddeo en qu\u00e9 consiste.<\/p>\n\n\n\n<p><span class=\"post-content__span\"> <object height=\"360\" width=\"640\"><param name=\"movie\" value=\"\/\/www.youtube.com\/v\/c1a6sl0kAkA?hl=es_CO&amp;version=3\"><param name=\"allowFullScreen\" value=\"true\"><param name=\"allowscriptaccess\" value=\"always\"><embed allowscriptaccess=\"always\" height=\"360\" src=\"\/\/www.youtube.com\/v\/c1a6sl0kAkA?hl=es_CO&amp;version=3\" type=\"application\/x-shockwave-flash\" width=\"640\"><\/object><\/p>\n","protected":false},"excerpt":{"rendered":"<p>Elecciones consejo de juventudes: \u00bfSab\u00edas que gracias al consejo de juventudes podemos lograr acuerdos y resolver algunas necesidades de nuestra [&hellip;]<\/p>\n","protected":false},"author":0,"featured_media":60526,"comment_status":"closed","ping_status":"closed","sticky":false,"template":"","format":"standard","meta":{"footnotes":""},"categories":[3],"tags":[],"class_list":["post-6901","post","type-post","status-publish","format-standard","has-post-thumbnail","hentry","category-noticias"],"_links":{"self":[{"href":"https:\/\/vicerrectorias.utp.edu.co\/responsabilidad-social\/wp-json\/wp\/v2\/posts\/6901","targetHints":{"allow":["GET"]}}],"collection":[{"href":"https:\/\/vicerrectorias.utp.edu.co\/responsabilidad-social\/wp-json\/wp\/v2\/posts"}],"about":[{"href":"https:\/\/vicerrectorias.utp.edu.co\/responsabilidad-social\/wp-json\/wp\/v2\/types\/post"}],"replies":[{"embeddable":true,"href":"https:\/\/vicerrectorias.utp.edu.co\/responsabilidad-social\/wp-json\/wp\/v2\/comments?post=6901"}],"version-history":[{"count":1,"href":"https:\/\/vicerrectorias.utp.edu.co\/responsabilidad-social\/wp-json\/wp\/v2\/posts\/6901\/revisions"}],"predecessor-version":[{"id":8935,"href":"https:\/\/vicerrectorias.utp.edu.co\/responsabilidad-social\/wp-json\/wp\/v2\/posts\/6901\/revisions\/8935"}],"wp:featuredmedia":[{"embeddable":true,"href":"https:\/\/vicerrectorias.utp.edu.co\/responsabilidad-social\/wp-json\/wp\/v2\/media\/60526"}],"wp:attachment":[{"href":"https:\/\/vicerrectorias.utp.edu.co\/responsabilidad-social\/wp-json\/wp\/v2\/media?parent=6901"}],"wp:term":[{"taxonomy":"category","embeddable":true,"href":"https:\/\/vicerrectorias.utp.edu.co\/responsabilidad-social\/wp-json\/wp\/v2\/categories?post=6901"},{"taxonomy":"post_tag","embeddable":true,"href":"https:\/\/vicerrectorias.utp.edu.co\/responsabilidad-social\/wp-json\/wp\/v2\/tags?post=6901"}],"curies":[{"name":"wp","href":"https:\/\/api.w.org\/{rel}","templated":true}]}}