{"id":6861,"date":"2020-04-08T16:58:44","date_gmt":"2020-04-08T14:58:44","guid":{"rendered":""},"modified":"2024-08-15T15:00:00","modified_gmt":"2024-08-15T13:00:00","slug":"bienestar-informa-08042020","status":"publish","type":"post","link":"https:\/\/vicerrectorias.utp.edu.co\/responsabilidad-social\/bienestar-informa-08042020\/","title":{"rendered":"Bienestar informa 08\/04\/2020"},"content":{"rendered":"\n<p><span class=\"post-content__span\"> Bienestar informa, te invita a que disfrutes estos d\u00edas de semana santa en familia, adem\u00e1s que te enteres de las actividades que se han realizado en nuestra vicerrector\u00eda<\/p>\n\n\n\n<figure class=\"wp-block-image size-full\"><img loading=\"lazy\" decoding=\"async\" width=\"2334\" height=\"2104\" src=\"https:\/\/vicerrectorias.utp.edu.co\/responsabilidad-social\/wp-content\/uploads\/sites\/12\/Boletin-8-de-abril-corregido-02.jpg\" alt=\"\" class=\"wp-image-60777\"\/><\/figure>\n","protected":false},"excerpt":{"rendered":"<p>Bienestar informa, te invita a que disfrutes estos d\u00edas de semana santa en familia, adem\u00e1s que te enteres de las [&hellip;]<\/p>\n","protected":false},"author":0,"featured_media":60522,"comment_status":"closed","ping_status":"closed","sticky":false,"template":"","format":"standard","meta":{"footnotes":""},"categories":[3],"tags":[],"class_list":["post-6861","post","type-post","status-publish","format-standard","has-post-thumbnail","hentry","category-noticias"],"_links":{"self":[{"href":"https:\/\/vicerrectorias.utp.edu.co\/responsabilidad-social\/wp-json\/wp\/v2\/posts\/6861","targetHints":{"allow":["GET"]}}],"collection":[{"href":"https:\/\/vicerrectorias.utp.edu.co\/responsabilidad-social\/wp-json\/wp\/v2\/posts"}],"about":[{"href":"https:\/\/vicerrectorias.utp.edu.co\/responsabilidad-social\/wp-json\/wp\/v2\/types\/post"}],"replies":[{"embeddable":true,"href":"https:\/\/vicerrectorias.utp.edu.co\/responsabilidad-social\/wp-json\/wp\/v2\/comments?post=6861"}],"version-history":[{"count":2,"href":"https:\/\/vicerrectorias.utp.edu.co\/responsabilidad-social\/wp-json\/wp\/v2\/posts\/6861\/revisions"}],"predecessor-version":[{"id":8939,"href":"https:\/\/vicerrectorias.utp.edu.co\/responsabilidad-social\/wp-json\/wp\/v2\/posts\/6861\/revisions\/8939"}],"wp:featuredmedia":[{"embeddable":true,"href":"https:\/\/vicerrectorias.utp.edu.co\/responsabilidad-social\/wp-json\/wp\/v2\/media\/60522"}],"wp:attachment":[{"href":"https:\/\/vicerrectorias.utp.edu.co\/responsabilidad-social\/wp-json\/wp\/v2\/media?parent=6861"}],"wp:term":[{"taxonomy":"category","embeddable":true,"href":"https:\/\/vicerrectorias.utp.edu.co\/responsabilidad-social\/wp-json\/wp\/v2\/categories?post=6861"},{"taxonomy":"post_tag","embeddable":true,"href":"https:\/\/vicerrectorias.utp.edu.co\/responsabilidad-social\/wp-json\/wp\/v2\/tags?post=6861"}],"curies":[{"name":"wp","href":"https:\/\/api.w.org\/{rel}","templated":true}]}}