{"id":6851,"date":"2020-04-06T14:15:31","date_gmt":"2020-04-06T12:15:31","guid":{"rendered":""},"modified":"2024-08-20T08:29:35","modified_gmt":"2024-08-20T06:29:35","slug":"gesto-de-solidaridad","status":"publish","type":"post","link":"https:\/\/vicerrectorias.utp.edu.co\/responsabilidad-social\/gesto-de-solidaridad\/","title":{"rendered":"Gesto de solidaridad"},"content":{"rendered":"\n<p><span class=\"post-content__span\"> <span>La Universidad Tecnol\u00f3gica de Pereira en articulaci\u00f3n con la Vicerrector\u00eda de Responsabilidad Social y Bienestar Universitario realiz\u00f3 unas alianzas y gestiones estrat\u00e9gicas que permitieron la entrega de 190 mercados los d\u00edas: 04 y 06 de abril del presente a\u00f1o, en los hogares de los estudiantes que son beneficiados con el bono de alimentaci\u00f3n, y tambi\u00e9n a otros estudiantes que se encuentran afectados por esta crisis actual.<\/span><\/p>\n\n\n\n<p><span class=\"post-content__span\"> Agradecemos a la cooperativa FAVI, supermercados UNIDOS y CENTRACOM S.A por unirse a este gesto de solidaridad \u00a0que no solo brindar\u00e1\u00a0 Bienestar sino calidad de vida a nuestra comunidad que m\u00e1s la necesita.<\/p>\n\n\n\n<figure class=\"wp-block-image\"><img decoding=\"async\" src=\"https:\/\/vicerrectorias.utp.edu.co\/responsabilidad-social\/wp-content\/uploads\/sites\/12\/mensaje%20UTP_Mesa%20de%20trabajo%201.jpg\" alt=\"\"\/><\/figure>\n","protected":false},"excerpt":{"rendered":"<p>La Universidad Tecnol\u00f3gica de Pereira en articulaci\u00f3n con la Vicerrector\u00eda de Responsabilidad Social y Bienestar Universitario realiz\u00f3 unas alianzas y [&hellip;]<\/p>\n","protected":false},"author":0,"featured_media":60521,"comment_status":"closed","ping_status":"closed","sticky":false,"template":"","format":"standard","meta":{"footnotes":""},"categories":[3],"tags":[],"class_list":["post-6851","post","type-post","status-publish","format-standard","has-post-thumbnail","hentry","category-noticias"],"_links":{"self":[{"href":"https:\/\/vicerrectorias.utp.edu.co\/responsabilidad-social\/wp-json\/wp\/v2\/posts\/6851","targetHints":{"allow":["GET"]}}],"collection":[{"href":"https:\/\/vicerrectorias.utp.edu.co\/responsabilidad-social\/wp-json\/wp\/v2\/posts"}],"about":[{"href":"https:\/\/vicerrectorias.utp.edu.co\/responsabilidad-social\/wp-json\/wp\/v2\/types\/post"}],"replies":[{"embeddable":true,"href":"https:\/\/vicerrectorias.utp.edu.co\/responsabilidad-social\/wp-json\/wp\/v2\/comments?post=6851"}],"version-history":[{"count":2,"href":"https:\/\/vicerrectorias.utp.edu.co\/responsabilidad-social\/wp-json\/wp\/v2\/posts\/6851\/revisions"}],"predecessor-version":[{"id":61094,"href":"https:\/\/vicerrectorias.utp.edu.co\/responsabilidad-social\/wp-json\/wp\/v2\/posts\/6851\/revisions\/61094"}],"wp:featuredmedia":[{"embeddable":true,"href":"https:\/\/vicerrectorias.utp.edu.co\/responsabilidad-social\/wp-json\/wp\/v2\/media\/60521"}],"wp:attachment":[{"href":"https:\/\/vicerrectorias.utp.edu.co\/responsabilidad-social\/wp-json\/wp\/v2\/media?parent=6851"}],"wp:term":[{"taxonomy":"category","embeddable":true,"href":"https:\/\/vicerrectorias.utp.edu.co\/responsabilidad-social\/wp-json\/wp\/v2\/categories?post=6851"},{"taxonomy":"post_tag","embeddable":true,"href":"https:\/\/vicerrectorias.utp.edu.co\/responsabilidad-social\/wp-json\/wp\/v2\/tags?post=6851"}],"curies":[{"name":"wp","href":"https:\/\/api.w.org\/{rel}","templated":true}]}}