{"id":6671,"date":"2020-03-11T20:28:39","date_gmt":"2020-03-11T19:28:39","guid":{"rendered":""},"modified":"2024-08-15T15:52:35","modified_gmt":"2024-08-15T13:52:35","slug":"convocatoria-grupos-de-actividad-fisica","status":"publish","type":"post","link":"https:\/\/vicerrectorias.utp.edu.co\/responsabilidad-social\/convocatoria-grupos-de-actividad-fisica\/","title":{"rendered":"Convocatoria Grupos de Actividad F\u00edsica"},"content":{"rendered":"\n<p><span class=\"post-content__span\"> <span>El Club de la Salud de la Vicerrector\u00eda de Responsabilidad Social y Bienestar Universitario abre convocatoria para hacer parte de los grupos de actividad f\u00edsica. Si eres estudiante UTP y est\u00e1s interesado en realizar actividad f\u00edsica con el acompa\u00f1amiento de profesionales en Ciencias del Deporte, te invitamos a diligenciar el siguiente formulario.<\/span><\/p>\n\n\n\n<figure class=\"wp-block-embed\"><div class=\"wp-block-embed__wrapper\">\nhttps:\/\/forms.gle\/Y2NunradfCEZJKju6\n<\/div><\/figure>\n\n\n\n<figure class=\"wp-block-image\"><img decoding=\"async\" src=\"https:\/\/vicerrectorias.utp.edu.co\/responsabilidad-social\/wp-content\/uploads\/sites\/12\/club%20de%20la%20salud_design%20FRONT.jpg\" alt=\"\"\/><\/figure>\n","protected":false},"excerpt":{"rendered":"<p>El Club de la Salud de la Vicerrector\u00eda de Responsabilidad Social y Bienestar Universitario abre convocatoria para hacer parte de [&hellip;]<\/p>\n","protected":false},"author":0,"featured_media":60506,"comment_status":"closed","ping_status":"closed","sticky":false,"template":"","format":"standard","meta":{"footnotes":""},"categories":[3],"tags":[],"class_list":["post-6671","post","type-post","status-publish","format-standard","has-post-thumbnail","hentry","category-noticias"],"_links":{"self":[{"href":"https:\/\/vicerrectorias.utp.edu.co\/responsabilidad-social\/wp-json\/wp\/v2\/posts\/6671","targetHints":{"allow":["GET"]}}],"collection":[{"href":"https:\/\/vicerrectorias.utp.edu.co\/responsabilidad-social\/wp-json\/wp\/v2\/posts"}],"about":[{"href":"https:\/\/vicerrectorias.utp.edu.co\/responsabilidad-social\/wp-json\/wp\/v2\/types\/post"}],"replies":[{"embeddable":true,"href":"https:\/\/vicerrectorias.utp.edu.co\/responsabilidad-social\/wp-json\/wp\/v2\/comments?post=6671"}],"version-history":[{"count":1,"href":"https:\/\/vicerrectorias.utp.edu.co\/responsabilidad-social\/wp-json\/wp\/v2\/posts\/6671\/revisions"}],"predecessor-version":[{"id":8957,"href":"https:\/\/vicerrectorias.utp.edu.co\/responsabilidad-social\/wp-json\/wp\/v2\/posts\/6671\/revisions\/8957"}],"wp:featuredmedia":[{"embeddable":true,"href":"https:\/\/vicerrectorias.utp.edu.co\/responsabilidad-social\/wp-json\/wp\/v2\/media\/60506"}],"wp:attachment":[{"href":"https:\/\/vicerrectorias.utp.edu.co\/responsabilidad-social\/wp-json\/wp\/v2\/media?parent=6671"}],"wp:term":[{"taxonomy":"category","embeddable":true,"href":"https:\/\/vicerrectorias.utp.edu.co\/responsabilidad-social\/wp-json\/wp\/v2\/categories?post=6671"},{"taxonomy":"post_tag","embeddable":true,"href":"https:\/\/vicerrectorias.utp.edu.co\/responsabilidad-social\/wp-json\/wp\/v2\/tags?post=6671"}],"curies":[{"name":"wp","href":"https:\/\/api.w.org\/{rel}","templated":true}]}}