{"id":6631,"date":"2020-03-10T17:24:07","date_gmt":"2020-03-10T16:24:07","guid":{"rendered":""},"modified":"2024-08-15T15:52:35","modified_gmt":"2024-08-15T13:52:35","slug":"encuentro-de-facultades-facultad-de-bellas-artes","status":"publish","type":"post","link":"https:\/\/vicerrectorias.utp.edu.co\/responsabilidad-social\/encuentro-de-facultades-facultad-de-bellas-artes\/","title":{"rendered":"Encuentro de facultades (Facultad de Bellas Artes"},"content":{"rendered":"\n<p><span class=\"post-content__span\"> <span>Hoy 10 de marzo se di\u00f3 el encuentro con la Facultad de Bellas y Humanidades, donde se destac\u00f3 el reconocimiento a los grupos de investigaci\u00f3n, el trabajo de los procesos de autoevaluaci\u00f3n con fines de acreditaci\u00f3n de alta calidad, temas de infraestructura, temas relacionados con el bienestar universitario y las nuevas maestr\u00edas en estudios culturales y narrativas contempor\u00e1neas y educaci\u00f3n biling\u00fce.<\/span><\/p>\n\n\n\n<figure class=\"wp-block-image\"><img decoding=\"async\" src=\"https:\/\/vicerrectorias.utp.edu.co\/responsabilidad-social\/wp-content\/uploads\/sites\/12\/WhatsApp%20Image%202020-03-10%20at%2012.03.22%20PM%282%29.jpeg\" alt=\"\"\/><\/figure>\n","protected":false},"excerpt":{"rendered":"<p>Hoy 10 de marzo se di\u00f3 el encuentro con la Facultad de Bellas y Humanidades, donde se destac\u00f3 el reconocimiento [&hellip;]<\/p>\n","protected":false},"author":0,"featured_media":60503,"comment_status":"closed","ping_status":"closed","sticky":false,"template":"","format":"standard","meta":{"footnotes":""},"categories":[3],"tags":[],"class_list":["post-6631","post","type-post","status-publish","format-standard","has-post-thumbnail","hentry","category-noticias"],"_links":{"self":[{"href":"https:\/\/vicerrectorias.utp.edu.co\/responsabilidad-social\/wp-json\/wp\/v2\/posts\/6631","targetHints":{"allow":["GET"]}}],"collection":[{"href":"https:\/\/vicerrectorias.utp.edu.co\/responsabilidad-social\/wp-json\/wp\/v2\/posts"}],"about":[{"href":"https:\/\/vicerrectorias.utp.edu.co\/responsabilidad-social\/wp-json\/wp\/v2\/types\/post"}],"replies":[{"embeddable":true,"href":"https:\/\/vicerrectorias.utp.edu.co\/responsabilidad-social\/wp-json\/wp\/v2\/comments?post=6631"}],"version-history":[{"count":1,"href":"https:\/\/vicerrectorias.utp.edu.co\/responsabilidad-social\/wp-json\/wp\/v2\/posts\/6631\/revisions"}],"predecessor-version":[{"id":8959,"href":"https:\/\/vicerrectorias.utp.edu.co\/responsabilidad-social\/wp-json\/wp\/v2\/posts\/6631\/revisions\/8959"}],"wp:featuredmedia":[{"embeddable":true,"href":"https:\/\/vicerrectorias.utp.edu.co\/responsabilidad-social\/wp-json\/wp\/v2\/media\/60503"}],"wp:attachment":[{"href":"https:\/\/vicerrectorias.utp.edu.co\/responsabilidad-social\/wp-json\/wp\/v2\/media?parent=6631"}],"wp:term":[{"taxonomy":"category","embeddable":true,"href":"https:\/\/vicerrectorias.utp.edu.co\/responsabilidad-social\/wp-json\/wp\/v2\/categories?post=6631"},{"taxonomy":"post_tag","embeddable":true,"href":"https:\/\/vicerrectorias.utp.edu.co\/responsabilidad-social\/wp-json\/wp\/v2\/tags?post=6631"}],"curies":[{"name":"wp","href":"https:\/\/api.w.org\/{rel}","templated":true}]}}