{"id":6581,"date":"2019-11-28T16:59:40","date_gmt":"2019-11-28T15:59:40","guid":{"rendered":""},"modified":"2024-08-20T09:13:18","modified_gmt":"2024-08-20T07:13:18","slug":"inscripcion-dia-de-los-ninos-utp-2019","status":"publish","type":"post","link":"https:\/\/vicerrectorias.utp.edu.co\/responsabilidad-social\/inscripcion-dia-de-los-ninos-utp-2019\/","title":{"rendered":"Inscripci\u00f3n D\u00eda de los Ni\u00f1os UTP 2019"},"content":{"rendered":"\n<p><span class=\"post-content__span\"> En el marco de las estrategias orientadas al bienestar laboral, la calidad de vida, integraci\u00f3n del talento humano y sus familias\u00a0compartimos\u00a0la tarjeta de invitaci\u00f3n del se\u00f1or Rector y el link de inscripciones para la actividad institucional de integraci\u00f3n\u00a0de los hijos de los funcionarios de la UTP.<\/p>\n\n\n\n<p><span class=\"post-content__span\"> Se encuentran abiertas las inscripciones desde el d\u00eda 26 de noviembre hasta el d\u00eda lunes 2 de diciembre de 2019, para ni\u00f1os entre 0 y 10 a\u00f1os, la actividad se realizar\u00e1 el d\u00eda viernes 6 de diciembre a la 1:30\u00a0de la tarde\u00a0en la Universidad Tecnol\u00f3gica de Pereira.\u00a0<\/p>\n\n\n\n<p><span class=\"post-content__span\"> Inscripci\u00f3n D\u00eda de los Ni\u00f1os UTP 2019<\/p>\n\n\n\n<p><span class=\"post-content__span\"> Formulario de inscripci\u00f3n (Link):&nbsp;<a href=\"https:\/\/forms.gle\/Ns3S1RJSjjVqeB6u5\" target=\"_blank\" rel=\"noopener noreferrer\">https:\/\/forms.gle\/Ns3S1RJSjjVqeB6u5<\/a><\/p>\n\n\n\n<figure class=\"wp-block-image\"><img decoding=\"async\" src=\"https:\/\/vicerrectorias.utp.edu.co\/responsabilidad-social\/wp-content\/uploads\/sites\/12\/fINAL%20TARJETA%20CIRCO%202019%281%29.jpg\" alt=\"\"\/><\/figure>\n","protected":false},"excerpt":{"rendered":"<p>En el marco de las estrategias orientadas al bienestar laboral, la calidad de vida, integraci\u00f3n del talento humano y sus [&hellip;]<\/p>\n","protected":false},"author":0,"featured_media":60499,"comment_status":"closed","ping_status":"closed","sticky":false,"template":"","format":"standard","meta":{"footnotes":""},"categories":[3],"tags":[],"class_list":["post-6581","post","type-post","status-publish","format-standard","has-post-thumbnail","hentry","category-noticias"],"_links":{"self":[{"href":"https:\/\/vicerrectorias.utp.edu.co\/responsabilidad-social\/wp-json\/wp\/v2\/posts\/6581","targetHints":{"allow":["GET"]}}],"collection":[{"href":"https:\/\/vicerrectorias.utp.edu.co\/responsabilidad-social\/wp-json\/wp\/v2\/posts"}],"about":[{"href":"https:\/\/vicerrectorias.utp.edu.co\/responsabilidad-social\/wp-json\/wp\/v2\/types\/post"}],"replies":[{"embeddable":true,"href":"https:\/\/vicerrectorias.utp.edu.co\/responsabilidad-social\/wp-json\/wp\/v2\/comments?post=6581"}],"version-history":[{"count":2,"href":"https:\/\/vicerrectorias.utp.edu.co\/responsabilidad-social\/wp-json\/wp\/v2\/posts\/6581\/revisions"}],"predecessor-version":[{"id":61126,"href":"https:\/\/vicerrectorias.utp.edu.co\/responsabilidad-social\/wp-json\/wp\/v2\/posts\/6581\/revisions\/61126"}],"wp:featuredmedia":[{"embeddable":true,"href":"https:\/\/vicerrectorias.utp.edu.co\/responsabilidad-social\/wp-json\/wp\/v2\/media\/60499"}],"wp:attachment":[{"href":"https:\/\/vicerrectorias.utp.edu.co\/responsabilidad-social\/wp-json\/wp\/v2\/media?parent=6581"}],"wp:term":[{"taxonomy":"category","embeddable":true,"href":"https:\/\/vicerrectorias.utp.edu.co\/responsabilidad-social\/wp-json\/wp\/v2\/categories?post=6581"},{"taxonomy":"post_tag","embeddable":true,"href":"https:\/\/vicerrectorias.utp.edu.co\/responsabilidad-social\/wp-json\/wp\/v2\/tags?post=6581"}],"curies":[{"name":"wp","href":"https:\/\/api.w.org\/{rel}","templated":true}]}}