{"id":6571,"date":"2019-11-28T16:53:13","date_gmt":"2019-11-28T15:53:13","guid":{"rendered":""},"modified":"2024-08-16T14:59:30","modified_gmt":"2024-08-16T12:59:30","slug":"feria-la-universidad-que-tienes-en-mente","status":"publish","type":"post","link":"https:\/\/vicerrectorias.utp.edu.co\/responsabilidad-social\/feria-la-universidad-que-tienes-en-mente\/","title":{"rendered":"Feria \u201cLa Universidad que tienes en mente\u00bb"},"content":{"rendered":"\n<p><span class=\"post-content__span\"> Todos invitados a la Feria \u201cLa Universidad que tienes en Mente\u201d<\/p>\n\n\n\n<p><span class=\"post-content__span\"> <img decoding=\"async\" src=\"https:\/\/comunicaciones.utp.edu.co\/wp-content\/uploads\/sites\/2\/19-de-nov-expectativa.jpg\"><\/p>\n\n\n\n<p><span class=\"post-content__span\"> Este viernes 29 de noviembre a partir de las 9:00 de la ma\u00f1ana en el Parqueadero Central de la UTP, se realizar\u00e1 la cuarta versi\u00f3n de la Feria\u00a0\u201cLa Universidad que Tienes en Mente\u201d.\u00a0\u00a0<\/p>\n\n\n\n<p><span class=\"post-content__span\"> El objetivo es brindar informaci\u00f3n de manera did\u00e1ctica y divertida sobre el Plan de Desarrollo Institucional 2009-2019 de la UTP, que est\u00e1 en su etapa de cierre, las actividades, proyectos y avances de cada una de las facultades, socializar de manera general el nuevo Plan de Desarrollo Institucional 2020-2028 y much\u00edsimo m\u00e1s.<\/p>\n\n\n\n<p><span class=\"post-content__span\"> En 22 carpas podr\u00e1s encontrar cada uno los objetivos institucionales: Desarrollo Institucional, Cobertura con Calidad, Bienestar Institucional, Investigaci\u00f3n, Innovaci\u00f3n y Extensi\u00f3n; Internacionalizaci\u00f3n, Impacto Regional y Alianzas Estrat\u00e9gicas; pero tambi\u00e9n los proyectos, programas e investigaciones de cada una de las 10 facultades; Control Interno, C\u00f3digo de Integridad, Asociaci\u00f3n de Egresados, Posgrados y la carpa central del PDI y autoevaluaci\u00f3n, en donde se concentrar\u00e1 buena parte de los juegos y actividades.<\/p>\n\n\n\n<p><span class=\"post-content__span\"> Y para que aprendas de manera divertida cada equipo de trabajo cre\u00f3 juegos y actividades y para el cierre tendremos m\u00fasica, baile y m\u00e1s.<\/p>\n\n\n\n<p><span class=\"post-content__span\"> <strong>\u00a1Ven p\u00e9gate al Plan! Camino a la Reacreditaci\u00f3n Institucional<\/strong><\/p>\n\n\n\n<p><span class=\"post-content__span\"> <strong>\u00a1Te esperamos!<\/strong><\/p>\n","protected":false},"excerpt":{"rendered":"<p>Todos invitados a la Feria \u201cLa Universidad que tienes en Mente\u201d Este viernes 29 de noviembre a partir de las [&hellip;]<\/p>\n","protected":false},"author":0,"featured_media":60498,"comment_status":"closed","ping_status":"closed","sticky":false,"template":"","format":"standard","meta":{"footnotes":""},"categories":[3],"tags":[],"class_list":["post-6571","post","type-post","status-publish","format-standard","has-post-thumbnail","hentry","category-noticias"],"_links":{"self":[{"href":"https:\/\/vicerrectorias.utp.edu.co\/responsabilidad-social\/wp-json\/wp\/v2\/posts\/6571","targetHints":{"allow":["GET"]}}],"collection":[{"href":"https:\/\/vicerrectorias.utp.edu.co\/responsabilidad-social\/wp-json\/wp\/v2\/posts"}],"about":[{"href":"https:\/\/vicerrectorias.utp.edu.co\/responsabilidad-social\/wp-json\/wp\/v2\/types\/post"}],"replies":[{"embeddable":true,"href":"https:\/\/vicerrectorias.utp.edu.co\/responsabilidad-social\/wp-json\/wp\/v2\/comments?post=6571"}],"version-history":[{"count":5,"href":"https:\/\/vicerrectorias.utp.edu.co\/responsabilidad-social\/wp-json\/wp\/v2\/posts\/6571\/revisions"}],"predecessor-version":[{"id":61020,"href":"https:\/\/vicerrectorias.utp.edu.co\/responsabilidad-social\/wp-json\/wp\/v2\/posts\/6571\/revisions\/61020"}],"wp:featuredmedia":[{"embeddable":true,"href":"https:\/\/vicerrectorias.utp.edu.co\/responsabilidad-social\/wp-json\/wp\/v2\/media\/60498"}],"wp:attachment":[{"href":"https:\/\/vicerrectorias.utp.edu.co\/responsabilidad-social\/wp-json\/wp\/v2\/media?parent=6571"}],"wp:term":[{"taxonomy":"category","embeddable":true,"href":"https:\/\/vicerrectorias.utp.edu.co\/responsabilidad-social\/wp-json\/wp\/v2\/categories?post=6571"},{"taxonomy":"post_tag","embeddable":true,"href":"https:\/\/vicerrectorias.utp.edu.co\/responsabilidad-social\/wp-json\/wp\/v2\/tags?post=6571"}],"curies":[{"name":"wp","href":"https:\/\/api.w.org\/{rel}","templated":true}]}}