{"id":6561,"date":"2019-11-28T16:41:42","date_gmt":"2019-11-28T15:41:42","guid":{"rendered":""},"modified":"2024-08-16T13:59:02","modified_gmt":"2024-08-16T11:59:02","slug":"en-la-utp-se-vivio-el-concierto-de-rock-sinfonico","status":"publish","type":"post","link":"https:\/\/vicerrectorias.utp.edu.co\/responsabilidad-social\/en-la-utp-se-vivio-el-concierto-de-rock-sinfonico\/","title":{"rendered":"En la UTP se vivi\u00f3 el concierto de Rock Sinf\u00f3nico"},"content":{"rendered":"\n<p><span class=\"post-content__span\"> En la UTP se vivi\u00f3 el gran concierto de Rock Sinf\u00f3nico<\/p>\n\n\n\n<p><span class=\"post-content__span\"> <img decoding=\"async\" src=\"https:\/\/comunicaciones.utp.edu.co\/wp-content\/uploads\/sites\/2\/rock-sinfonico-utp.jpg\"><\/p>\n\n\n\n<p><span class=\"post-content__span\"> Con \u00e9xito se llev\u00f3 a cabo el\u00a0 gran\u00a0concierto de Katarsis con la Orquesta Sinf\u00f3nica de la Universidad Tecnol\u00f3gica de Pereira.<\/p>\n\n\n\n<p><span class=\"post-content__span\"> Una interesante fusi\u00f3n entre dos g\u00e9neros aparentemente distantes como lo son el rock y la m\u00fasica cl\u00e1sica, que dio como resultado una gran presentaci\u00f3n de Rock Sinf\u00f3nico que cautiv\u00f3 a los asistentes.<\/p>\n\n\n\n<p><span class=\"post-content__span\"> M\u00e1s de 2.000 personas disfrutaron de la fusi\u00f3n art\u00edstica de Katarsis, una de las m\u00e1s importantes agrupaciones de Rock de la ciudad, y la Orquesta Sinf\u00f3nica de Pereira con m\u00e1s de 50 artistas en escena. Adem\u00e1s, Universitaria Stereo 88.2 FM, emisora de la UTP, &nbsp;transmiti\u00f3 en vivo para m\u00e1s de 32 municipios en 5 departamentos del pa\u00eds.<\/p>\n\n\n\n<p><span class=\"post-content__span\"> Definitivamente la Universidad Tecnol\u00f3gica de Pereira se sigue proyectando como polo de desarrollo de la innovaci\u00f3n, la cultura, el arte y mucho m\u00e1s.<\/p>\n\n\n\n<p><span class=\"post-content__span\"> <a href=\"https:\/\/photos.app.goo.gl\/DKB6y2Paz3p1RB1MA\" target=\"_blank\" rel=\"noreferrer noopener\">VER FOTOGRAF\u00cdAS DEL CONCIERTO<\/a><\/p>\n\n\n\n<figure class=\"wp-block-image\"><img decoding=\"async\" src=\"https:\/\/comunicaciones.utp.edu.co\/wp-content\/uploads\/sites\/2\/HeroesFestConcierto-Katarsis-95-Pano.jpg\" alt=\"Gran concierto Katarsis\" title=\"Gran concierto Katarsis\"\/><\/figure>\n\n\n\n<figure class=\"wp-block-image\"><img decoding=\"async\" src=\"https:\/\/comunicaciones.utp.edu.co\/wp-content\/uploads\/sites\/2\/HeroesFestConcierto-Katarsis-92.jpg\" alt=\"https:\/\/comunicaciones.utp.edu.co\/wp-content\/uploads\/sites\/2\/HeroesFestConcierto-Katarsis-92.jpg\" title=\"https:\/\/comunicaciones.utp.edu.co\/wp-content\/uploads\/sites\/2\/HeroesFestConcierto-Katarsis-92.jpg\"\/><\/figure>\n","protected":false},"excerpt":{"rendered":"<p>En la UTP se vivi\u00f3 el gran concierto de Rock Sinf\u00f3nico Con \u00e9xito se llev\u00f3 a cabo el\u00a0 gran\u00a0concierto de [&hellip;]<\/p>\n","protected":false},"author":0,"featured_media":60497,"comment_status":"closed","ping_status":"closed","sticky":false,"template":"","format":"standard","meta":{"footnotes":""},"categories":[3],"tags":[],"class_list":["post-6561","post","type-post","status-publish","format-standard","has-post-thumbnail","hentry","category-noticias"],"_links":{"self":[{"href":"https:\/\/vicerrectorias.utp.edu.co\/responsabilidad-social\/wp-json\/wp\/v2\/posts\/6561","targetHints":{"allow":["GET"]}}],"collection":[{"href":"https:\/\/vicerrectorias.utp.edu.co\/responsabilidad-social\/wp-json\/wp\/v2\/posts"}],"about":[{"href":"https:\/\/vicerrectorias.utp.edu.co\/responsabilidad-social\/wp-json\/wp\/v2\/types\/post"}],"replies":[{"embeddable":true,"href":"https:\/\/vicerrectorias.utp.edu.co\/responsabilidad-social\/wp-json\/wp\/v2\/comments?post=6561"}],"version-history":[{"count":3,"href":"https:\/\/vicerrectorias.utp.edu.co\/responsabilidad-social\/wp-json\/wp\/v2\/posts\/6561\/revisions"}],"predecessor-version":[{"id":60973,"href":"https:\/\/vicerrectorias.utp.edu.co\/responsabilidad-social\/wp-json\/wp\/v2\/posts\/6561\/revisions\/60973"}],"wp:featuredmedia":[{"embeddable":true,"href":"https:\/\/vicerrectorias.utp.edu.co\/responsabilidad-social\/wp-json\/wp\/v2\/media\/60497"}],"wp:attachment":[{"href":"https:\/\/vicerrectorias.utp.edu.co\/responsabilidad-social\/wp-json\/wp\/v2\/media?parent=6561"}],"wp:term":[{"taxonomy":"category","embeddable":true,"href":"https:\/\/vicerrectorias.utp.edu.co\/responsabilidad-social\/wp-json\/wp\/v2\/categories?post=6561"},{"taxonomy":"post_tag","embeddable":true,"href":"https:\/\/vicerrectorias.utp.edu.co\/responsabilidad-social\/wp-json\/wp\/v2\/tags?post=6561"}],"curies":[{"name":"wp","href":"https:\/\/api.w.org\/{rel}","templated":true}]}}