{"id":6551,"date":"2019-11-27T16:36:16","date_gmt":"2019-11-27T15:36:16","guid":{"rendered":""},"modified":"2024-08-20T09:28:22","modified_gmt":"2024-08-20T07:28:22","slug":"integracion-hijos-de-funcionarios-utp-2019","status":"publish","type":"post","link":"https:\/\/vicerrectorias.utp.edu.co\/responsabilidad-social\/integracion-hijos-de-funcionarios-utp-2019\/","title":{"rendered":"Integraci\u00f3n hijos de funcionarios UTP 2019"},"content":{"rendered":"\n<p><span class=\"post-content__span\"> En el marco de las estrategias orientadas al bienestar laboral, la calidad de vida, integraci\u00f3n del talento humano y sus familias\u00a0compartimos\u00a0la tarjeta de invitaci\u00f3n del se\u00f1or Rector y el link de inscripciones para la actividad institucional de integraci\u00f3n\u00a0de los hijos de los funcionarios de la UTP.<\/p>\n\n\n\n<p><span class=\"post-content__span\"> Se encuentran abiertas las inscripciones desde el d\u00eda 26 de noviembre hasta el d\u00eda lunes 2 de diciembre de 2019, para ni\u00f1os entre 0 y 10 a\u00f1os, la actividad se realizar\u00e1 el d\u00eda viernes 6 de diciembre a la 1:30\u00a0de la tarde\u00a0en la Universidad Tecnol\u00f3gica de Pereira.\u00a0<\/p>\n\n\n\n<p><span class=\"post-content__span\"> Inscripci\u00f3n D\u00eda de los Ni\u00f1os UTP 2019<\/p>\n\n\n\n<p><span class=\"post-content__span\"> Formulario de inscripci\u00f3n (Link):&nbsp;<a href=\"https:\/\/forms.gle\/Ns3S1RJSjjVqeB6u5\" target=\"_blank\" rel=\"noopener noreferrer\">https:\/\/forms.gle\/Ns3S1RJSjjVqeB6u5<\/a><\/p>\n\n\n\n<figure class=\"wp-block-image\"><img decoding=\"async\" src=\"https:\/\/vicerrectorias.utp.edu.co\/responsabilidad-social\/wp-content\/uploads\/sites\/12\/fINAL%20TARJETA%20CIRCO%202019.jpg\" alt=\"\"\/><\/figure>\n\n\n\n<p><span class=\"post-content__span\"> FAVOR TENER EN CUENTA:<\/p>\n\n\n\n<p><span class=\"post-content__span\"> <strong>Cierre de inscripciones, lunes 2 de diciembre de 2019.<\/strong><\/p>\n\n\n\n<p><span class=\"post-content__span\"> Tener presente que en el diligenciamiento del formulario se le solicitar\u00e1&nbsp;adjuntar los siguientes&nbsp;documentos:&nbsp;Registro civil del menor y el recibo de pago ($17.000) pesos por cada menor, el cual se cancela en la caja de la cooperativa FAVI con referencia de recaudo # 511 \u2013 22 \u2013 136 \u2013 18<\/p>\n\n\n\n<p><span class=\"post-content__span\"> Esta invitaci\u00f3n aplica para los y las menores entre los (0 meses a los 10 a\u00f1os cumplidos)<\/p>\n\n\n\n<p><span class=\"post-content__span\"> La actividad se realizar\u00e1 el d\u00eda viernes 6 de diciembre a la 1:30&nbsp;de la tarde&nbsp;en la Universidad Tecnol\u00f3gica de Pereira.&nbsp;<\/p>\n\n\n\n<p><span class=\"post-content__span\"> La actividad es exclusiva para los hijos de las personas que prestan servicios a la UTP<\/p>\n\n\n\n<p><span class=\"post-content__span\"> Para la participaci\u00f3n de la actividad, cada menor debe asistir acompa\u00f1ado de un adulto, as\u00ed mismo es indispensable que est\u00e9n inscritos previamente con el fin de garantizar el control al ingreso.<\/p>\n","protected":false},"excerpt":{"rendered":"<p>En el marco de las estrategias orientadas al bienestar laboral, la calidad de vida, integraci\u00f3n del talento humano y sus [&hellip;]<\/p>\n","protected":false},"author":0,"featured_media":60496,"comment_status":"closed","ping_status":"closed","sticky":false,"template":"","format":"standard","meta":{"footnotes":""},"categories":[3],"tags":[],"class_list":["post-6551","post","type-post","status-publish","format-standard","has-post-thumbnail","hentry","category-noticias"],"_links":{"self":[{"href":"https:\/\/vicerrectorias.utp.edu.co\/responsabilidad-social\/wp-json\/wp\/v2\/posts\/6551","targetHints":{"allow":["GET"]}}],"collection":[{"href":"https:\/\/vicerrectorias.utp.edu.co\/responsabilidad-social\/wp-json\/wp\/v2\/posts"}],"about":[{"href":"https:\/\/vicerrectorias.utp.edu.co\/responsabilidad-social\/wp-json\/wp\/v2\/types\/post"}],"replies":[{"embeddable":true,"href":"https:\/\/vicerrectorias.utp.edu.co\/responsabilidad-social\/wp-json\/wp\/v2\/comments?post=6551"}],"version-history":[{"count":2,"href":"https:\/\/vicerrectorias.utp.edu.co\/responsabilidad-social\/wp-json\/wp\/v2\/posts\/6551\/revisions"}],"predecessor-version":[{"id":61148,"href":"https:\/\/vicerrectorias.utp.edu.co\/responsabilidad-social\/wp-json\/wp\/v2\/posts\/6551\/revisions\/61148"}],"wp:featuredmedia":[{"embeddable":true,"href":"https:\/\/vicerrectorias.utp.edu.co\/responsabilidad-social\/wp-json\/wp\/v2\/media\/60496"}],"wp:attachment":[{"href":"https:\/\/vicerrectorias.utp.edu.co\/responsabilidad-social\/wp-json\/wp\/v2\/media?parent=6551"}],"wp:term":[{"taxonomy":"category","embeddable":true,"href":"https:\/\/vicerrectorias.utp.edu.co\/responsabilidad-social\/wp-json\/wp\/v2\/categories?post=6551"},{"taxonomy":"post_tag","embeddable":true,"href":"https:\/\/vicerrectorias.utp.edu.co\/responsabilidad-social\/wp-json\/wp\/v2\/tags?post=6551"}],"curies":[{"name":"wp","href":"https:\/\/api.w.org\/{rel}","templated":true}]}}