{"id":6541,"date":"2019-11-18T11:12:06","date_gmt":"2019-11-18T10:12:06","guid":{"rendered":""},"modified":"2024-08-15T15:52:35","modified_gmt":"2024-08-15T13:52:35","slug":"raices-colombianas-2019-orquesta-sinfonica-utp","status":"publish","type":"post","link":"https:\/\/vicerrectorias.utp.edu.co\/responsabilidad-social\/raices-colombianas-2019-orquesta-sinfonica-utp\/","title":{"rendered":"Ra\u00edces Colombianas 2019 Orquesta Sinf\u00f3nica UTP"},"content":{"rendered":"\n<div>\n<p><span class=\"post-content__span\"> Ra\u00edces Colombianas 2019 Orquesta Sinf\u00f3nica UTP<\/p>\n<\/div>\n\n\n\n<div>\n<div>\n<div>&nbsp;<\/div>\n<\/div>\n<div>\n<div>\n<p><span class=\"post-content__span\"> <span><img decoding=\"async\" src=\"https:\/\/comunicaciones.utp.edu.co\/wp-content\/uploads\/sites\/2\/New-Project-50-.jpg\">El concierto fue un espacio para conectarnos con nuestras ra\u00edces, con nuestra&nbsp;<\/span><span>cultura, con nuestra familia.<\/span><\/p>\n<p><span class=\"post-content__span\"> <span>El Rector de la Universidad Tecnol\u00f3gica de Pereira, Luis Fernando Gaviria Trujillo, la Vicerrectora de Responsabilidad Social y Bienestar Universitario Diana Patricia G\u00f3mez Botero, en compa\u00f1\u00eda del Decano de la&nbsp;<\/span>Facultad de Bellas Artes y Humanidades&nbsp;&nbsp;Enrique Demesio Arias Casta\u00f1o y la&nbsp;Directora del Programa Licenciatura en M\u00fasica Kathya Ximena Bonilla Rojas, deleitaron a los invitados con la presentaci\u00f3n del concierto&nbsp;Ra\u00edces Colombianas 2019 Orquesta Sinf\u00f3nica UTP&nbsp;y Grupo Trietnias,&nbsp;espect\u00e1culo que combin\u00f3 sinfon\u00eda, folclor y color y donde se pudieron observar los movimientos y ritmos m\u00e1s representativos de nuestra tierra.<\/p>\n<p><span class=\"post-content__span\"> &nbsp;De Ancestro Monta\u00f1ero es una propuesta tiene como objetivo dar a conocer manifestaciones populares campesinas, por medio de la m\u00fasica, la tradici\u00f3n oral y el baile parrandero tradicional,&nbsp;iniciando con la tradici\u00f3n oral, plasmada en versos y coplas propias de la regi\u00f3n cafetera,&nbsp;mostrando la importancia que han tenido estos lugares (los rituales familiares, fondas,&nbsp;plazas y sitios de reuni\u00f3n) para nuestras comunidades; enmarcado en la M\u00fasica y las&nbsp;danzas que identifican a nuestros campesinos, como el merengue y el baile bravo, el porro, y el pasillo fiestero y terminando con una Parranda al ritmo de la m\u00fasica popular campesina y tradicional de origen antioque\u00f1o, reforzando a trav\u00e9s de estas celebraciones tradicionales nuestra identidad Cultural.<\/p>\n<div><span><a href=\"https:\/\/photos.app.goo.gl\/VzwJqsTtDhtZMdLW8\" target=\"_blank\" rel=\"noopener noreferrer\">VER TODAS LAS FOTOGRAF\u00cdAS DEL CONCIERTO.<\/a><\/span><\/div>\n<figure><img decoding=\"async\" src=\"https:\/\/comunicaciones.utp.edu.co\/wp-content\/uploads\/sites\/2\/evento-Bellas-Artes-5-JPG.jpg\"><\/figure><div><span><\/span><\/div>\n<div>&nbsp;<\/div>\n<\/div>\n<\/div>\n<\/div>\n","protected":false},"excerpt":{"rendered":"<p>Ra\u00edces Colombianas 2019 Orquesta Sinf\u00f3nica UTP &nbsp; El concierto fue un espacio para conectarnos con nuestras ra\u00edces, con nuestra&nbsp;cultura, con [&hellip;]<\/p>\n","protected":false},"author":0,"featured_media":60495,"comment_status":"closed","ping_status":"closed","sticky":false,"template":"","format":"standard","meta":{"footnotes":""},"categories":[3],"tags":[],"class_list":["post-6541","post","type-post","status-publish","format-standard","has-post-thumbnail","hentry","category-noticias"],"_links":{"self":[{"href":"https:\/\/vicerrectorias.utp.edu.co\/responsabilidad-social\/wp-json\/wp\/v2\/posts\/6541","targetHints":{"allow":["GET"]}}],"collection":[{"href":"https:\/\/vicerrectorias.utp.edu.co\/responsabilidad-social\/wp-json\/wp\/v2\/posts"}],"about":[{"href":"https:\/\/vicerrectorias.utp.edu.co\/responsabilidad-social\/wp-json\/wp\/v2\/types\/post"}],"replies":[{"embeddable":true,"href":"https:\/\/vicerrectorias.utp.edu.co\/responsabilidad-social\/wp-json\/wp\/v2\/comments?post=6541"}],"version-history":[{"count":1,"href":"https:\/\/vicerrectorias.utp.edu.co\/responsabilidad-social\/wp-json\/wp\/v2\/posts\/6541\/revisions"}],"predecessor-version":[{"id":8966,"href":"https:\/\/vicerrectorias.utp.edu.co\/responsabilidad-social\/wp-json\/wp\/v2\/posts\/6541\/revisions\/8966"}],"wp:featuredmedia":[{"embeddable":true,"href":"https:\/\/vicerrectorias.utp.edu.co\/responsabilidad-social\/wp-json\/wp\/v2\/media\/60495"}],"wp:attachment":[{"href":"https:\/\/vicerrectorias.utp.edu.co\/responsabilidad-social\/wp-json\/wp\/v2\/media?parent=6541"}],"wp:term":[{"taxonomy":"category","embeddable":true,"href":"https:\/\/vicerrectorias.utp.edu.co\/responsabilidad-social\/wp-json\/wp\/v2\/categories?post=6541"},{"taxonomy":"post_tag","embeddable":true,"href":"https:\/\/vicerrectorias.utp.edu.co\/responsabilidad-social\/wp-json\/wp\/v2\/tags?post=6541"}],"curies":[{"name":"wp","href":"https:\/\/api.w.org\/{rel}","templated":true}]}}