{"id":6531,"date":"2019-11-18T10:59:57","date_gmt":"2019-11-18T09:59:57","guid":{"rendered":""},"modified":"2024-08-20T08:29:58","modified_gmt":"2024-08-20T06:29:58","slug":"grados-de-becas-talento-utp","status":"publish","type":"post","link":"https:\/\/vicerrectorias.utp.edu.co\/responsabilidad-social\/grados-de-becas-talento-utp\/","title":{"rendered":"Grados de Becas Talento UTP"},"content":{"rendered":"\n<p><span class=\"post-content__span\"> Grados de Becas Talento UTP<\/p>\n\n\n\n<p><span class=\"post-content__span\"> <img decoding=\"async\" src=\"https:\/\/comunicaciones.utp.edu.co\/wp-content\/uploads\/sites\/2\/New-Project-49-.jpg\">Con \u00e9xito se realiz\u00f3&nbsp;&nbsp;la graduaci\u00f3n de 49 estudiantes beneficiarios &nbsp;del programa social especial Becas Talento&nbsp; UTP.<\/p>\n\n\n\n<p><span class=\"post-content__span\"> El programa de Becas Talento obedece a una estrategia de la Universidad Tecnol\u00f3gica de Pereira a trav\u00e9s de la Vicerrector\u00eda de Responsabilidad Social y Bienestar Universitario, dentro del marco de la pol\u00edtica social de la Instituci\u00f3n, como una alternativa que permite la participaci\u00f3n activa de las empresas en el desarrollo de la regi\u00f3n y del pa\u00eds apost\u00e1ndole al crecimiento del talento humano joven.<\/p>\n\n\n\n<p><span class=\"post-content__span\"> La propuesta ofrece una alianza estrat\u00e9gica de beneficio mutuo donde al apadrinar a estudiantes talentos, la regi\u00f3n podr\u00e1 contar con un capital humano altamente calificado que impulsar\u00e1 el crecimiento y la competitividad; &nbsp;de igual forma, &nbsp;permite que adem\u00e1s de la formaci\u00f3n especializada que el joven pueda recibir en un determinado programa acad\u00e9mico,&nbsp; se complemente un componente adicional al esquema de formaci\u00f3n cotidiana integral mediante la Estrategia Formarse (Formaci\u00f3n en Responsabilidad Social) respaldada por la Vicerrector\u00eda Acad\u00e9mica mediante el diplomado en Gesti\u00f3n de la Responsabilidad Social en las Organizaciones.<\/p>\n\n\n\n<p><span class=\"post-content__span\"> Se graduaron 49 estudiantes beneficiarios &nbsp;del programa social especial Becas Talento en el marco de dicha Estrategia Formarse, cada uno de ellos logr\u00f3 apropiar toda una serie de&nbsp; herramientas&nbsp; y experiencias&nbsp; que dieron como resultado la &nbsp;formaci\u00f3n de &nbsp;j\u00f3venes m\u00e1s talentosos, &nbsp;que han&nbsp; alcanzado una Gesti\u00f3n&nbsp; Responsable de&nbsp; sus actividades como profesionales hacia un desarrollo sostenible del campo donde se desempe\u00f1aran profesionalmente, &nbsp;&nbsp;con una consciencia innovadora y con visi\u00f3n de futuro socialmente responsable para todos.<\/p>\n\n\n\n<p><span class=\"post-content__span\"> <a href=\"https:\/\/photos.app.goo.gl\/fxHaa7bDgWHyPLWt6\" target=\"_blank\" rel=\"noreferrer noopener\">VER TODAS LAS FOTOGRAF\u00cdAS DE LOS GRADOS.<\/a><\/p>\n\n\n\n<figure class=\"wp-block-image\"><img decoding=\"async\" src=\"https:\/\/comunicaciones.utp.edu.co\/wp-content\/uploads\/sites\/2\/GradoDiplomado-ResponsabilidadSocialBecasTalento-70.jpg\" alt=\"\"\/><\/figure>\n\n\n\n<figure class=\"wp-block-image\"><img decoding=\"async\" src=\"https:\/\/comunicaciones.utp.edu.co\/wp-content\/uploads\/sites\/2\/GradoDiplomado-ResponsabilidadSocialBecasTalento-87.jpg\" alt=\"\"\/><\/figure>\n","protected":false},"excerpt":{"rendered":"<p>Grados de Becas Talento UTP Con \u00e9xito se realiz\u00f3&nbsp;&nbsp;la graduaci\u00f3n de 49 estudiantes beneficiarios &nbsp;del programa social especial Becas Talento&nbsp; [&hellip;]<\/p>\n","protected":false},"author":0,"featured_media":60494,"comment_status":"closed","ping_status":"closed","sticky":false,"template":"","format":"standard","meta":{"footnotes":""},"categories":[3],"tags":[],"class_list":["post-6531","post","type-post","status-publish","format-standard","has-post-thumbnail","hentry","category-noticias"],"_links":{"self":[{"href":"https:\/\/vicerrectorias.utp.edu.co\/responsabilidad-social\/wp-json\/wp\/v2\/posts\/6531","targetHints":{"allow":["GET"]}}],"collection":[{"href":"https:\/\/vicerrectorias.utp.edu.co\/responsabilidad-social\/wp-json\/wp\/v2\/posts"}],"about":[{"href":"https:\/\/vicerrectorias.utp.edu.co\/responsabilidad-social\/wp-json\/wp\/v2\/types\/post"}],"replies":[{"embeddable":true,"href":"https:\/\/vicerrectorias.utp.edu.co\/responsabilidad-social\/wp-json\/wp\/v2\/comments?post=6531"}],"version-history":[{"count":2,"href":"https:\/\/vicerrectorias.utp.edu.co\/responsabilidad-social\/wp-json\/wp\/v2\/posts\/6531\/revisions"}],"predecessor-version":[{"id":61095,"href":"https:\/\/vicerrectorias.utp.edu.co\/responsabilidad-social\/wp-json\/wp\/v2\/posts\/6531\/revisions\/61095"}],"wp:featuredmedia":[{"embeddable":true,"href":"https:\/\/vicerrectorias.utp.edu.co\/responsabilidad-social\/wp-json\/wp\/v2\/media\/60494"}],"wp:attachment":[{"href":"https:\/\/vicerrectorias.utp.edu.co\/responsabilidad-social\/wp-json\/wp\/v2\/media?parent=6531"}],"wp:term":[{"taxonomy":"category","embeddable":true,"href":"https:\/\/vicerrectorias.utp.edu.co\/responsabilidad-social\/wp-json\/wp\/v2\/categories?post=6531"},{"taxonomy":"post_tag","embeddable":true,"href":"https:\/\/vicerrectorias.utp.edu.co\/responsabilidad-social\/wp-json\/wp\/v2\/tags?post=6531"}],"curies":[{"name":"wp","href":"https:\/\/api.w.org\/{rel}","templated":true}]}}