{"id":6511,"date":"2019-11-12T13:38:50","date_gmt":"2019-11-12T12:38:50","guid":{"rendered":""},"modified":"2024-08-20T14:19:22","modified_gmt":"2024-08-20T12:19:22","slug":"servicios-de-salud-de-la-utp-cumplen","status":"publish","type":"post","link":"https:\/\/vicerrectorias.utp.edu.co\/responsabilidad-social\/servicios-de-salud-de-la-utp-cumplen\/","title":{"rendered":"Servicios de Salud de la UTP cumplen"},"content":{"rendered":"\n<p><span class=\"post-content__span\"> Servicios de Salud de la UTP cumplen con los est\u00e1ndares de calidad del Ministerio de Salud y Protecci\u00f3n Social<\/p>\n\n\n\n<p><span class=\"post-content__span\"> <img decoding=\"async\" src=\"https:\/\/comunicaciones.utp.edu.co\/wp-content\/uploads\/sites\/2\/New-Project-28-.jpg\">La Secretar\u00eda de Salud del Departamento de Risaralda habilit\u00f3 a la Universidad Tecnol\u00f3gica de Pereira para prestar servicios de Salud.<\/p>\n\n\n\n<p><span class=\"post-content__span\"> La Universidad Tecnol\u00f3gica de Pereira recibi\u00f3 el concepto favorable de habilitaci\u00f3n de los servicios de salud para consulta externa en medicina general, psicolog\u00eda, odontolog\u00eda y enfermer\u00eda, seg\u00fan el concepto del equipo de inspecci\u00f3n y vigilancia de la Secretar\u00eda de Salud del Departamento de Risaralda, quienes encontraron que los servicios de Salud Integral y Laboratorio de Gen\u00e9tica M\u00e9dica, cumplen con&nbsp;los est\u00e1ndares de calidad contemplados en la resoluci\u00f3n 2003 de 2014.<\/p>\n\n\n\n<p><span class=\"post-content__span\"> Como resultado de esta visita, el servicio de Salud podr\u00e1 abrir de nuevo un consultorio m\u00e9dico y uno psicol\u00f3gico que debieron ser remodelados para cumplir con la normatividad vigente. En todo este proceso, se realizaron m\u00e1s de 50 adecuaciones en infraestructura y se renovaron equipos de salud para estar a la par con las nuevas tecnolog\u00edas, software y se adecuaron procedimientos, se realizaron capacitaciones y se mejoraron los espacios de consultorio y sala de espera, para contar con una mejor atenci\u00f3n a la comunidad.<\/p>\n\n\n\n<p><span class=\"post-content__span\"> Este fue el resultado de un trabajo liderado por la Alta Direcci\u00f3n de la Universidad Tecnol\u00f3gica de Pereira, la Vicerrector\u00eda de Responsabilidad Social y Bienestar Universitario y adelantado por todo el equipo de Promoci\u00f3n de la Salud Integral con el apoyo de las diferentes dependencias de la Instituci\u00f3n.<\/p>\n\n\n\n<p><span class=\"post-content__span\"> El rector Luis Fernando Gaviria Trujillo afirm\u00f3 que \u201ceste es uno de los servicios m\u00e1s importantes para el bienestar estudiantil y se va a realizar una mejora continua para garantizar el apoyo a los estudiantes que&nbsp;por diferentes situaciones de vulnerabilidad requieren la atenci\u00f3n de baja complejidad, sobretodo en temas como la salud f\u00edsica y mental\u201d.&nbsp;<\/p>\n\n\n\n<p><span class=\"post-content__span\"> Vale la pena anotar que este servicio tiene unos alcances de consulta programada que no sustituyen una EPS, pero permite una atenci\u00f3n b\u00e1sica, para que los estudiantes puedan recuperar sus condiciones de salud e integrarse r\u00e1pidamente a sus estudios, contribuyendo as\u00ed a su calidad de vida y permanencia acad\u00e9mica.<\/p>\n\n\n\n<p><span class=\"post-content__span\"> Adicionalmente existen en otras \u00e1reas de la Universidad servicios complementarios para la atenci\u00f3n de emergencias, como el servicio de \u00e1rea protegida EMI, la P\u00f3liza Estudiantil y la brigada de emergencias a los cuales se puede acceder mediante la l\u00ednea 7411, desde un fijo al 3137411&nbsp; y desde un celular al 0363137411.<\/p>\n\n\n\n<figure class=\"wp-block-image\"><img decoding=\"async\" src=\"https:\/\/comunicaciones.utp.edu.co\/wp-content\/uploads\/sites\/2\/foto-salud-jueves-07NOV-2019-jpeg.jpg\" alt=\"\"\/><\/figure>\n","protected":false},"excerpt":{"rendered":"<p>Servicios de Salud de la UTP cumplen con los est\u00e1ndares de calidad del Ministerio de Salud y Protecci\u00f3n Social La [&hellip;]<\/p>\n","protected":false},"author":0,"featured_media":60492,"comment_status":"closed","ping_status":"closed","sticky":false,"template":"","format":"standard","meta":{"footnotes":""},"categories":[3],"tags":[],"class_list":["post-6511","post","type-post","status-publish","format-standard","has-post-thumbnail","hentry","category-noticias"],"_links":{"self":[{"href":"https:\/\/vicerrectorias.utp.edu.co\/responsabilidad-social\/wp-json\/wp\/v2\/posts\/6511","targetHints":{"allow":["GET"]}}],"collection":[{"href":"https:\/\/vicerrectorias.utp.edu.co\/responsabilidad-social\/wp-json\/wp\/v2\/posts"}],"about":[{"href":"https:\/\/vicerrectorias.utp.edu.co\/responsabilidad-social\/wp-json\/wp\/v2\/types\/post"}],"replies":[{"embeddable":true,"href":"https:\/\/vicerrectorias.utp.edu.co\/responsabilidad-social\/wp-json\/wp\/v2\/comments?post=6511"}],"version-history":[{"count":2,"href":"https:\/\/vicerrectorias.utp.edu.co\/responsabilidad-social\/wp-json\/wp\/v2\/posts\/6511\/revisions"}],"predecessor-version":[{"id":61307,"href":"https:\/\/vicerrectorias.utp.edu.co\/responsabilidad-social\/wp-json\/wp\/v2\/posts\/6511\/revisions\/61307"}],"wp:featuredmedia":[{"embeddable":true,"href":"https:\/\/vicerrectorias.utp.edu.co\/responsabilidad-social\/wp-json\/wp\/v2\/media\/60492"}],"wp:attachment":[{"href":"https:\/\/vicerrectorias.utp.edu.co\/responsabilidad-social\/wp-json\/wp\/v2\/media?parent=6511"}],"wp:term":[{"taxonomy":"category","embeddable":true,"href":"https:\/\/vicerrectorias.utp.edu.co\/responsabilidad-social\/wp-json\/wp\/v2\/categories?post=6511"},{"taxonomy":"post_tag","embeddable":true,"href":"https:\/\/vicerrectorias.utp.edu.co\/responsabilidad-social\/wp-json\/wp\/v2\/tags?post=6511"}],"curies":[{"name":"wp","href":"https:\/\/api.w.org\/{rel}","templated":true}]}}