{"id":6501,"date":"2019-11-12T12:51:29","date_gmt":"2019-11-12T11:51:29","guid":{"rendered":""},"modified":"2024-08-16T08:09:10","modified_gmt":"2024-08-16T06:09:10","slug":"concierto-raices-colombianas-2019","status":"publish","type":"post","link":"https:\/\/vicerrectorias.utp.edu.co\/responsabilidad-social\/concierto-raices-colombianas-2019\/","title":{"rendered":"Concierto Ra\u00edces Colombianas 2019"},"content":{"rendered":"\n<p><span class=\"post-content__span\"> La Vicerrector\u00eda de Responsabilidad Social y Bienestar Universitario y la Facultad de Bellas Artes y Humanidades, invitan al concierto&nbsp;Ra\u00edces&nbsp;Colombianas&nbsp;2019, con la presentaci\u00f3n majestuosa y fusi\u00f3n de la Orquesta Sinf\u00f3nica, el Grupo danzas y m\u00fasica&nbsp;Trietnias UTP y la&nbsp; participaci\u00f3n&nbsp;especial&nbsp; de la reina nacional infantil del folclor: Maria Paz Pineda Quintero y su parejo.<\/p>\n\n\n\n<p><span class=\"post-content__span\"> <strong>Fecha:&nbsp;<\/strong>Jueves 14 de Noviembre de 2019<br><strong>Lugar:<\/strong>&nbsp;Teatro de Bellas Artes de Risaralda (Edificio 12 UTP)<br><strong>Hora:<\/strong>&nbsp;7:00 pm<br><strong>Bono de Apoyo Cultural:<\/strong>&nbsp;$15.000<\/p>\n\n\n\n<p><span class=\"post-content__span\"> Realiza tu inscripci\u00f3n y reclama la boleta en el Edificio 2 Oficina 210 Vicerrector\u00eda de Responsabilidad Social<br><strong>HASTA AGOTAR EL AFORO DEL TEATRO!<\/strong><\/p>\n\n\n\n<p><span class=\"post-content__span\"> <strong><em>Inscripciones a trav\u00e9s de:<\/em><\/strong><\/p>\n\n\n\n<p><span class=\"post-content__span\"> <a href=\"https:\/\/forms.gle\/aDMm3fGvkmjLWUB79\">https:\/\/forms.gle\/aDMm3fGvkmjLWUB79<\/a><\/p>\n","protected":false},"excerpt":{"rendered":"<p>La Vicerrector\u00eda de Responsabilidad Social y Bienestar Universitario y la Facultad de Bellas Artes y Humanidades, invitan al concierto&nbsp;Ra\u00edces&nbsp;Colombianas&nbsp;2019, con [&hellip;]<\/p>\n","protected":false},"author":0,"featured_media":60491,"comment_status":"closed","ping_status":"closed","sticky":false,"template":"","format":"standard","meta":{"footnotes":""},"categories":[3],"tags":[],"class_list":["post-6501","post","type-post","status-publish","format-standard","has-post-thumbnail","hentry","category-noticias"],"_links":{"self":[{"href":"https:\/\/vicerrectorias.utp.edu.co\/responsabilidad-social\/wp-json\/wp\/v2\/posts\/6501","targetHints":{"allow":["GET"]}}],"collection":[{"href":"https:\/\/vicerrectorias.utp.edu.co\/responsabilidad-social\/wp-json\/wp\/v2\/posts"}],"about":[{"href":"https:\/\/vicerrectorias.utp.edu.co\/responsabilidad-social\/wp-json\/wp\/v2\/types\/post"}],"replies":[{"embeddable":true,"href":"https:\/\/vicerrectorias.utp.edu.co\/responsabilidad-social\/wp-json\/wp\/v2\/comments?post=6501"}],"version-history":[{"count":3,"href":"https:\/\/vicerrectorias.utp.edu.co\/responsabilidad-social\/wp-json\/wp\/v2\/posts\/6501\/revisions"}],"predecessor-version":[{"id":60860,"href":"https:\/\/vicerrectorias.utp.edu.co\/responsabilidad-social\/wp-json\/wp\/v2\/posts\/6501\/revisions\/60860"}],"wp:featuredmedia":[{"embeddable":true,"href":"https:\/\/vicerrectorias.utp.edu.co\/responsabilidad-social\/wp-json\/wp\/v2\/media\/60491"}],"wp:attachment":[{"href":"https:\/\/vicerrectorias.utp.edu.co\/responsabilidad-social\/wp-json\/wp\/v2\/media?parent=6501"}],"wp:term":[{"taxonomy":"category","embeddable":true,"href":"https:\/\/vicerrectorias.utp.edu.co\/responsabilidad-social\/wp-json\/wp\/v2\/categories?post=6501"},{"taxonomy":"post_tag","embeddable":true,"href":"https:\/\/vicerrectorias.utp.edu.co\/responsabilidad-social\/wp-json\/wp\/v2\/tags?post=6501"}],"curies":[{"name":"wp","href":"https:\/\/api.w.org\/{rel}","templated":true}]}}