{"id":6491,"date":"2019-11-12T12:42:33","date_gmt":"2019-11-12T11:42:33","guid":{"rendered":""},"modified":"2024-08-20T14:03:31","modified_gmt":"2024-08-20T12:03:31","slug":"se-realizo-ceremonia-de-imposicion-de-escudos-2019","status":"publish","type":"post","link":"https:\/\/vicerrectorias.utp.edu.co\/responsabilidad-social\/se-realizo-ceremonia-de-imposicion-de-escudos-2019\/","title":{"rendered":"Se realiz\u00f3 Ceremonia de imposici\u00f3n de escudos 2019"},"content":{"rendered":"\n<p><span class=\"post-content__span\"> Se realiz\u00f3 Ceremonia de imposici\u00f3n de escudos<\/p>\n\n\n\n<p><span class=\"post-content__span\"> <img decoding=\"async\" src=\"https:\/\/comunicaciones.utp.edu.co\/wp-content\/uploads\/sites\/2\/New-Project-29-.jpg\"><\/p>\n\n\n\n<p><span class=\"post-content__span\"> 205 Colaboradores y servidores p\u00fablicos de la UTP fueron destacados por sus a\u00f1os de servicio a la instituci\u00f3n.<\/p>\n\n\n\n<p><span class=\"post-content__span\"> La&nbsp;imposici\u00f3n&nbsp;de&nbsp;escudos&nbsp;es una distinci\u00f3n que otorga la Universidad Tecnol\u00f3gica de Pereira&nbsp;a los servidores p\u00fablicos y colaboradores&nbsp;por los 10, 15, 20, 25, 30, 35, 40 y &nbsp;50 a\u00f1os de servicio prestados a la instituci\u00f3n.&nbsp;<\/p>\n\n\n\n<p><span class=\"post-content__span\"> En esta ceremonia fue reconocido Mario de Jes\u00fas Hoyos Mesa, con la imposici\u00f3n del Escudo Institucional por sus 50 a\u00f1os de servicio a la Instituci\u00f3n.<\/p>\n\n\n\n<p><span class=\"post-content__span\"> Presidi\u00f3 la ceremonia el rector de la Universidad Tecnol\u00f3gica de Pereira, Luis Fernando Gaviria Trujillo, quien estuvo acompa\u00f1ado por: el Vicerrector Administrativo y Financiero, Fernando Nore\u00f1a Jaramillo,&nbsp;la Secretaria General, Liliana Ardila,&nbsp;y el&nbsp;Jefe de Gesti\u00f3n Humana, Jairo Ordilio Torres Moreno.<\/p>\n\n\n\n<p><span class=\"post-content__span\"> Los 205 servidores p\u00fablicos y colaboradores que recibieron el&nbsp;escudo&nbsp;estuvieron acompa\u00f1ados por sus familiares y allegados.<\/p>\n\n\n\n<p><span class=\"post-content__span\"> <a href=\"https:\/\/photos.app.goo.gl\/Med9qsxmDQsQNoFm8\" target=\"_blank\" rel=\"noreferrer noopener\">VER TODAS LAS FOTOGRAF\u00cdAS DEL EVENTO.&nbsp;<\/a><\/p>\n\n\n\n<figure class=\"wp-block-image\"><img decoding=\"async\" src=\"https:\/\/comunicaciones.utp.edu.co\/wp-content\/uploads\/sites\/2\/Imposicion-de-escudos-UTP-194.jpg\" alt=\"\"\/><\/figure>\n\n\n\n<figure class=\"wp-block-image\"><img decoding=\"async\" src=\"https:\/\/comunicaciones.utp.edu.co\/wp-content\/uploads\/sites\/2\/Imposicion-de-escudos-UTP-128.jpg\" alt=\"\"\/><\/figure>\n\n\n\n<p><span class=\"post-content__span\"> \u00daltima actualizaci\u00f3n: Martes, Noviembre 12, 2019 8:25 AM<br>Por: Universidad Tecnol\u00f3gica de Pereira<\/p>\n","protected":false},"excerpt":{"rendered":"<p>Se realiz\u00f3 Ceremonia de imposici\u00f3n de escudos 205 Colaboradores y servidores p\u00fablicos de la UTP fueron destacados por sus a\u00f1os [&hellip;]<\/p>\n","protected":false},"author":0,"featured_media":60490,"comment_status":"closed","ping_status":"closed","sticky":false,"template":"","format":"standard","meta":{"footnotes":""},"categories":[3],"tags":[],"class_list":["post-6491","post","type-post","status-publish","format-standard","has-post-thumbnail","hentry","category-noticias"],"_links":{"self":[{"href":"https:\/\/vicerrectorias.utp.edu.co\/responsabilidad-social\/wp-json\/wp\/v2\/posts\/6491","targetHints":{"allow":["GET"]}}],"collection":[{"href":"https:\/\/vicerrectorias.utp.edu.co\/responsabilidad-social\/wp-json\/wp\/v2\/posts"}],"about":[{"href":"https:\/\/vicerrectorias.utp.edu.co\/responsabilidad-social\/wp-json\/wp\/v2\/types\/post"}],"replies":[{"embeddable":true,"href":"https:\/\/vicerrectorias.utp.edu.co\/responsabilidad-social\/wp-json\/wp\/v2\/comments?post=6491"}],"version-history":[{"count":3,"href":"https:\/\/vicerrectorias.utp.edu.co\/responsabilidad-social\/wp-json\/wp\/v2\/posts\/6491\/revisions"}],"predecessor-version":[{"id":61288,"href":"https:\/\/vicerrectorias.utp.edu.co\/responsabilidad-social\/wp-json\/wp\/v2\/posts\/6491\/revisions\/61288"}],"wp:featuredmedia":[{"embeddable":true,"href":"https:\/\/vicerrectorias.utp.edu.co\/responsabilidad-social\/wp-json\/wp\/v2\/media\/60490"}],"wp:attachment":[{"href":"https:\/\/vicerrectorias.utp.edu.co\/responsabilidad-social\/wp-json\/wp\/v2\/media?parent=6491"}],"wp:term":[{"taxonomy":"category","embeddable":true,"href":"https:\/\/vicerrectorias.utp.edu.co\/responsabilidad-social\/wp-json\/wp\/v2\/categories?post=6491"},{"taxonomy":"post_tag","embeddable":true,"href":"https:\/\/vicerrectorias.utp.edu.co\/responsabilidad-social\/wp-json\/wp\/v2\/tags?post=6491"}],"curies":[{"name":"wp","href":"https:\/\/api.w.org\/{rel}","templated":true}]}}