{"id":6481,"date":"2019-11-06T11:12:27","date_gmt":"2019-11-06T10:12:27","guid":{"rendered":""},"modified":"2024-08-16T08:09:43","modified_gmt":"2024-08-16T06:09:43","slug":"concierto-temporada-2019-de-la-orquesta-sinfonica","status":"publish","type":"post","link":"https:\/\/vicerrectorias.utp.edu.co\/responsabilidad-social\/concierto-temporada-2019-de-la-orquesta-sinfonica\/","title":{"rendered":"Concierto Temporada 2019 de la Orquesta Sinf\u00f3nica"},"content":{"rendered":"\n<p><span class=\"post-content__span\"> Concierto de Temporada 2019 de la Orquesta Sinf\u00f3nica de la UTP<\/p>\n\n\n\n<p><span class=\"post-content__span\"> <img decoding=\"async\" src=\"https:\/\/comunicaciones.utp.edu.co\/wp-content\/uploads\/sites\/2\/new-orquesta.jpg\"><\/p>\n\n\n\n<p><span class=\"post-content__span\"> Con la asistencia de la comunidad universitaria y p\u00fablico en general se cumpli\u00f3 el IV\u00a0Concierto de Temporada 2019 de la Orquesta Sinf\u00f3nica de la Universidad Tecnol\u00f3gica de Pereira.<\/p>\n\n\n\n<p><span class=\"post-content__span\"> El IV&nbsp;Concierto de Temporada 2019 de la Orquesta Sinf\u00f3nica de la Universidad Tecnol\u00f3gica de Pereira, present\u00f3 La Sinfon\u00eda N\u00famero 9, \u00abNuevo Mundo\u00bb en Mi Menor, Op. 95 de&nbsp;Anton Dvorak bajo la direcci\u00f3n del maestro Leopoldo L\u00f3pez Gonz\u00e1lez.&nbsp;<\/p>\n\n\n\n<p><span class=\"post-content__span\"> La Vicerrector\u00eda de Responsabilidad Social y Bienestar Universitario y la Facultad de Bellas Artes y Humanidades, realizaron la convocatoria para que la comunidad pudiera disfrutar del espectaculo de la Orquesta Sinf\u00f3nica&nbsp;UTP.<\/p>\n\n\n\n<p><span class=\"post-content__span\"> El siguiente concierto ser\u00e1 el pr\u00f3ximo 7 de noviembre, a las 7:00 p.m. en el Teatro Bellas Artes de Risaralda en la Universidad Tecnol\u00f3gica de PereiraEntrada libre con previa inscripci\u00f3n hasta agotar el aforo del teatro.&nbsp; &nbsp;<\/p>\n\n\n\n<p><span class=\"post-content__span\"> <a href=\"https:\/\/forms.gle\/eAv61PMmHannJBGJ8\" target=\"_blank\" rel=\"noreferrer noopener\">Incripciones a trav\u00e9s de este enlace<\/a>.<\/p>\n\n\n\n<p><span class=\"post-content__span\"> <a href=\"https:\/\/photos.app.goo.gl\/ssDaMRrbTvfnuAr17\" target=\"_blank\" rel=\"noreferrer noopener\">VER TODAS LAS FOTOSGRAF\u00cdAS DEL CONCIERTO.<\/a><\/p>\n\n\n\n<figure class=\"wp-block-image\"><img decoding=\"async\" src=\"https:\/\/comunicaciones.utp.edu.co\/wp-content\/uploads\/sites\/2\/Concierto-de-temporada-orquesta-sinfonica-UTP-SinfoniaN9Dvorak-2.jpg\" alt=\"\"\/><\/figure>\n\n\n\n<figure class=\"wp-block-image\"><img decoding=\"async\" src=\"https:\/\/comunicaciones.utp.edu.co\/wp-content\/uploads\/sites\/2\/Concierto-de-temporada-orquesta-sinfonica-UTP-SinfoniaN9Dvorak-4.jpg\" alt=\"\"\/><\/figure>\n","protected":false},"excerpt":{"rendered":"<p>Concierto de Temporada 2019 de la Orquesta Sinf\u00f3nica de la UTP Con la asistencia de la comunidad universitaria y p\u00fablico [&hellip;]<\/p>\n","protected":false},"author":0,"featured_media":60489,"comment_status":"closed","ping_status":"closed","sticky":false,"template":"","format":"standard","meta":{"footnotes":""},"categories":[3],"tags":[],"class_list":["post-6481","post","type-post","status-publish","format-standard","has-post-thumbnail","hentry","category-noticias"],"_links":{"self":[{"href":"https:\/\/vicerrectorias.utp.edu.co\/responsabilidad-social\/wp-json\/wp\/v2\/posts\/6481","targetHints":{"allow":["GET"]}}],"collection":[{"href":"https:\/\/vicerrectorias.utp.edu.co\/responsabilidad-social\/wp-json\/wp\/v2\/posts"}],"about":[{"href":"https:\/\/vicerrectorias.utp.edu.co\/responsabilidad-social\/wp-json\/wp\/v2\/types\/post"}],"replies":[{"embeddable":true,"href":"https:\/\/vicerrectorias.utp.edu.co\/responsabilidad-social\/wp-json\/wp\/v2\/comments?post=6481"}],"version-history":[{"count":2,"href":"https:\/\/vicerrectorias.utp.edu.co\/responsabilidad-social\/wp-json\/wp\/v2\/posts\/6481\/revisions"}],"predecessor-version":[{"id":60861,"href":"https:\/\/vicerrectorias.utp.edu.co\/responsabilidad-social\/wp-json\/wp\/v2\/posts\/6481\/revisions\/60861"}],"wp:featuredmedia":[{"embeddable":true,"href":"https:\/\/vicerrectorias.utp.edu.co\/responsabilidad-social\/wp-json\/wp\/v2\/media\/60489"}],"wp:attachment":[{"href":"https:\/\/vicerrectorias.utp.edu.co\/responsabilidad-social\/wp-json\/wp\/v2\/media?parent=6481"}],"wp:term":[{"taxonomy":"category","embeddable":true,"href":"https:\/\/vicerrectorias.utp.edu.co\/responsabilidad-social\/wp-json\/wp\/v2\/categories?post=6481"},{"taxonomy":"post_tag","embeddable":true,"href":"https:\/\/vicerrectorias.utp.edu.co\/responsabilidad-social\/wp-json\/wp\/v2\/tags?post=6481"}],"curies":[{"name":"wp","href":"https:\/\/api.w.org\/{rel}","templated":true}]}}