{"id":64576,"date":"2026-04-21T22:10:15","date_gmt":"2026-04-21T20:10:15","guid":{"rendered":"https:\/\/vicerrectorias.utp.edu.co\/responsabilidad-social\/?p=64576"},"modified":"2026-04-21T22:10:52","modified_gmt":"2026-04-21T20:10:52","slug":"fuerza-maxima-utp","status":"publish","type":"post","link":"https:\/\/vicerrectorias.utp.edu.co\/responsabilidad-social\/fuerza-maxima-utp\/","title":{"rendered":"Fuerza M\u00e1xima UTP"},"content":{"rendered":"\n<p><span class=\"post-content__span\"> Este 17 de abril te invitamos a vivir una experiencia donde la energ\u00eda, el reto y la determinaci\u00f3n se convierten en protagonistas.<\/p>\n\n\n\n<p><span class=\"post-content__span\"> M\u00e1s que un evento, es un espacio para ponerte a prueba, superar tus propios l\u00edmites y compartir con la comunidad universitaria en un ambiente lleno de motivaci\u00f3n, compa\u00f1erismo y actitud.<\/p>\n\n\n\n<p><span class=\"post-content__span\"> Sala de tenis de mesa<br>2:00 p. m.<\/p>\n\n\n\n<p><span class=\"post-content__span\"> Ven, activa tu cuerpo, reta tu mente y demuestra de qu\u00e9 est\u00e1s hecho.<br>Porque la fuerza no solo se mide\u2026 se siente, se comparte y se vive.<\/p>\n\n\n\n<div style=\"height:20px\" aria-hidden=\"true\" class=\"wp-block-spacer\"><\/div>\n\n\n<div class=\"wp-block-image\">\n<figure class=\"aligncenter size-large\"><img loading=\"lazy\" decoding=\"async\" width=\"576\" height=\"1024\" src=\"https:\/\/vicerrectorias.utp.edu.co\/responsabilidad-social\/wp-content\/uploads\/sites\/12\/WhatsApp-Image-2026-04-14-at-14.07.16-576x1024.jpeg\" alt=\"\" class=\"wp-image-64578\" srcset=\"https:\/\/vicerrectorias.utp.edu.co\/responsabilidad-social\/wp-content\/uploads\/sites\/12\/WhatsApp-Image-2026-04-14-at-14.07.16-576x1024.jpeg 576w, https:\/\/vicerrectorias.utp.edu.co\/responsabilidad-social\/wp-content\/uploads\/sites\/12\/WhatsApp-Image-2026-04-14-at-14.07.16-169x300.jpeg 169w, https:\/\/vicerrectorias.utp.edu.co\/responsabilidad-social\/wp-content\/uploads\/sites\/12\/WhatsApp-Image-2026-04-14-at-14.07.16-768x1365.jpeg 768w, https:\/\/vicerrectorias.utp.edu.co\/responsabilidad-social\/wp-content\/uploads\/sites\/12\/WhatsApp-Image-2026-04-14-at-14.07.16-864x1536.jpeg 864w, https:\/\/vicerrectorias.utp.edu.co\/responsabilidad-social\/wp-content\/uploads\/sites\/12\/WhatsApp-Image-2026-04-14-at-14.07.16-1152x2048.jpeg 1152w, https:\/\/vicerrectorias.utp.edu.co\/responsabilidad-social\/wp-content\/uploads\/sites\/12\/WhatsApp-Image-2026-04-14-at-14.07.16.jpeg 1440w\" sizes=\"auto, (max-width: 576px) 100vw, 576px\" \/><\/figure>\n<\/div>\n\n\n<p><span class=\"post-content__span\"> <\/p>\n","protected":false},"excerpt":{"rendered":"<p>Este 17 de abril te invitamos a vivir una experiencia donde la energ\u00eda, el reto y la determinaci\u00f3n se convierten [&hellip;]<\/p>\n","protected":false},"author":21,"featured_media":64579,"comment_status":"open","ping_status":"open","sticky":false,"template":"","format":"standard","meta":{"footnotes":""},"categories":[3],"tags":[],"class_list":["post-64576","post","type-post","status-publish","format-standard","has-post-thumbnail","hentry","category-noticias"],"_links":{"self":[{"href":"https:\/\/vicerrectorias.utp.edu.co\/responsabilidad-social\/wp-json\/wp\/v2\/posts\/64576","targetHints":{"allow":["GET"]}}],"collection":[{"href":"https:\/\/vicerrectorias.utp.edu.co\/responsabilidad-social\/wp-json\/wp\/v2\/posts"}],"about":[{"href":"https:\/\/vicerrectorias.utp.edu.co\/responsabilidad-social\/wp-json\/wp\/v2\/types\/post"}],"author":[{"embeddable":true,"href":"https:\/\/vicerrectorias.utp.edu.co\/responsabilidad-social\/wp-json\/wp\/v2\/users\/21"}],"replies":[{"embeddable":true,"href":"https:\/\/vicerrectorias.utp.edu.co\/responsabilidad-social\/wp-json\/wp\/v2\/comments?post=64576"}],"version-history":[{"count":2,"href":"https:\/\/vicerrectorias.utp.edu.co\/responsabilidad-social\/wp-json\/wp\/v2\/posts\/64576\/revisions"}],"predecessor-version":[{"id":64581,"href":"https:\/\/vicerrectorias.utp.edu.co\/responsabilidad-social\/wp-json\/wp\/v2\/posts\/64576\/revisions\/64581"}],"wp:featuredmedia":[{"embeddable":true,"href":"https:\/\/vicerrectorias.utp.edu.co\/responsabilidad-social\/wp-json\/wp\/v2\/media\/64579"}],"wp:attachment":[{"href":"https:\/\/vicerrectorias.utp.edu.co\/responsabilidad-social\/wp-json\/wp\/v2\/media?parent=64576"}],"wp:term":[{"taxonomy":"category","embeddable":true,"href":"https:\/\/vicerrectorias.utp.edu.co\/responsabilidad-social\/wp-json\/wp\/v2\/categories?post=64576"},{"taxonomy":"post_tag","embeddable":true,"href":"https:\/\/vicerrectorias.utp.edu.co\/responsabilidad-social\/wp-json\/wp\/v2\/tags?post=64576"}],"curies":[{"name":"wp","href":"https:\/\/api.w.org\/{rel}","templated":true}]}}