{"id":6451,"date":"2019-10-21T17:10:37","date_gmt":"2019-10-21T15:10:37","guid":{"rendered":""},"modified":"2024-08-20T09:25:28","modified_gmt":"2024-08-20T07:25:28","slug":"integracion-de-jubilados-utp-2019","status":"publish","type":"post","link":"https:\/\/vicerrectorias.utp.edu.co\/responsabilidad-social\/integracion-de-jubilados-utp-2019\/","title":{"rendered":"Integraci\u00f3n de Jubilados UTP 2019"},"content":{"rendered":"\n<p><span class=\"post-content__span\"> Integraci\u00f3n de Jubilados UTP<\/p>\n\n\n\n<p><span class=\"post-content__span\"> <img decoding=\"async\" src=\"https:\/\/comunicaciones.utp.edu.co\/wp-content\/uploads\/sites\/2\/New-Project-2019-10-21T092211-892.jpg\">Con \u00e9xito se realiz\u00f3 la Integraci\u00f3n de los Jubilados de la Universidad Tecnol\u00f3gica de Pereira, una jornada de uni\u00f3n, cultura y mucho entretenimiento.&nbsp;<\/p>\n\n\n\n<p><span class=\"post-content__span\"> La Vicerrector\u00eda de Responsabilidad Social y Bienestar Universitario a trav\u00e9s de la estrategia de integraci\u00f3n y est\u00edmulos, realiz\u00f3 el 18 de octubre la actividad dirigida a los jubilados, un espacio para&nbsp; la integraci\u00f3n, reconocimiento, agradecimiento a la dedicaci\u00f3n y aportes a la Universidad, con actividades culturales, deportivas que incentivan los estilos de vida saludable, el bienestar y la calidad de vida.<\/p>\n\n\n\n<p><span class=\"post-content__span\"> Los Jubilados hacen parte fundamental de la Universidad Tecnol\u00f3gica de Pereira, por eso desde la direccion de la instituci\u00f3n&nbsp; es muy importante que particpen de los espacios dirigidos a su integraci\u00f3n y sano esparcimiento.&nbsp;&nbsp;<\/p>\n\n\n\n<p><span class=\"post-content__span\"> <strong><a href=\"https:\/\/photos.app.goo.gl\/NuzfpYSNEqTiHpke7\" target=\"_blank\" rel=\"noreferrer noopener\">Ver todas las fotograf\u00edas del evento.&nbsp;<\/a><\/strong><\/p>\n\n\n\n<figure class=\"wp-block-image\"><img decoding=\"async\" src=\"https:\/\/comunicaciones.utp.edu.co\/wp-content\/uploads\/sites\/2\/IntegracionJubiladosUTP-6.jpg\" alt=\"\"\/><\/figure>\n\n\n\n<figure class=\"wp-block-image\"><img decoding=\"async\" src=\"https:\/\/comunicaciones.utp.edu.co\/wp-content\/uploads\/sites\/2\/IntegracionJubiladosUTP-7.jpg\" alt=\"\"\/><\/figure>\n\n\n\n<figure class=\"wp-block-image\"><img decoding=\"async\" src=\"https:\/\/comunicaciones.utp.edu.co\/wp-content\/uploads\/sites\/2\/IntegracionJubiladosUTP-21.jpg\" alt=\"\"\/><\/figure>\n","protected":false},"excerpt":{"rendered":"<p>Integraci\u00f3n de Jubilados UTP Con \u00e9xito se realiz\u00f3 la Integraci\u00f3n de los Jubilados de la Universidad Tecnol\u00f3gica de Pereira, una [&hellip;]<\/p>\n","protected":false},"author":0,"featured_media":60486,"comment_status":"closed","ping_status":"closed","sticky":false,"template":"","format":"standard","meta":{"footnotes":""},"categories":[3],"tags":[],"class_list":["post-6451","post","type-post","status-publish","format-standard","has-post-thumbnail","hentry","category-noticias"],"_links":{"self":[{"href":"https:\/\/vicerrectorias.utp.edu.co\/responsabilidad-social\/wp-json\/wp\/v2\/posts\/6451","targetHints":{"allow":["GET"]}}],"collection":[{"href":"https:\/\/vicerrectorias.utp.edu.co\/responsabilidad-social\/wp-json\/wp\/v2\/posts"}],"about":[{"href":"https:\/\/vicerrectorias.utp.edu.co\/responsabilidad-social\/wp-json\/wp\/v2\/types\/post"}],"replies":[{"embeddable":true,"href":"https:\/\/vicerrectorias.utp.edu.co\/responsabilidad-social\/wp-json\/wp\/v2\/comments?post=6451"}],"version-history":[{"count":2,"href":"https:\/\/vicerrectorias.utp.edu.co\/responsabilidad-social\/wp-json\/wp\/v2\/posts\/6451\/revisions"}],"predecessor-version":[{"id":61144,"href":"https:\/\/vicerrectorias.utp.edu.co\/responsabilidad-social\/wp-json\/wp\/v2\/posts\/6451\/revisions\/61144"}],"wp:featuredmedia":[{"embeddable":true,"href":"https:\/\/vicerrectorias.utp.edu.co\/responsabilidad-social\/wp-json\/wp\/v2\/media\/60486"}],"wp:attachment":[{"href":"https:\/\/vicerrectorias.utp.edu.co\/responsabilidad-social\/wp-json\/wp\/v2\/media?parent=6451"}],"wp:term":[{"taxonomy":"category","embeddable":true,"href":"https:\/\/vicerrectorias.utp.edu.co\/responsabilidad-social\/wp-json\/wp\/v2\/categories?post=6451"},{"taxonomy":"post_tag","embeddable":true,"href":"https:\/\/vicerrectorias.utp.edu.co\/responsabilidad-social\/wp-json\/wp\/v2\/tags?post=6451"}],"curies":[{"name":"wp","href":"https:\/\/api.w.org\/{rel}","templated":true}]}}