{"id":64423,"date":"2026-02-06T16:14:15","date_gmt":"2026-02-06T15:14:15","guid":{"rendered":"https:\/\/vicerrectorias.utp.edu.co\/responsabilidad-social\/?p=64423"},"modified":"2026-02-13T15:03:39","modified_gmt":"2026-02-13T14:03:39","slug":"invitacion-a-inscribirse-en-los-cursos-de-la-escuela-de-formacion-deportiva-efd-utp","status":"publish","type":"post","link":"https:\/\/vicerrectorias.utp.edu.co\/responsabilidad-social\/invitacion-a-inscribirse-en-los-cursos-de-la-escuela-de-formacion-deportiva-efd-utp\/","title":{"rendered":"Invitaci\u00f3n a inscribirse en los cursos de la Escuela de Formaci\u00f3n Deportiva (EFD UTP)"},"content":{"rendered":"\n<figure class=\"wp-block-image size-large\"><img loading=\"lazy\" decoding=\"async\" width=\"1024\" height=\"576\" src=\"https:\/\/vicerrectorias.utp.edu.co\/responsabilidad-social\/wp-content\/uploads\/sites\/12\/WhatsApp-Image-2026-01-21-at-11.10.55-2-1-1024x576.jpeg\" alt=\"\" class=\"wp-image-64424\" srcset=\"https:\/\/vicerrectorias.utp.edu.co\/responsabilidad-social\/wp-content\/uploads\/sites\/12\/WhatsApp-Image-2026-01-21-at-11.10.55-2-1-1024x576.jpeg 1024w, https:\/\/vicerrectorias.utp.edu.co\/responsabilidad-social\/wp-content\/uploads\/sites\/12\/WhatsApp-Image-2026-01-21-at-11.10.55-2-1-300x169.jpeg 300w, https:\/\/vicerrectorias.utp.edu.co\/responsabilidad-social\/wp-content\/uploads\/sites\/12\/WhatsApp-Image-2026-01-21-at-11.10.55-2-1-768x432.jpeg 768w, https:\/\/vicerrectorias.utp.edu.co\/responsabilidad-social\/wp-content\/uploads\/sites\/12\/WhatsApp-Image-2026-01-21-at-11.10.55-2-1-1536x864.jpeg 1536w, https:\/\/vicerrectorias.utp.edu.co\/responsabilidad-social\/wp-content\/uploads\/sites\/12\/WhatsApp-Image-2026-01-21-at-11.10.55-2-1.jpeg 1600w\" sizes=\"auto, (max-width: 1024px) 100vw, 1024px\" \/><\/figure>\n\n\n\n<p><span class=\"post-content__span\"> Desde la Vicerrector\u00eda de Responsabilidad Social y Bienestar Universitario, es un gusto invitarlo a participar en los&nbsp;<strong>cursos de la Escuela de Formaci\u00f3n Deportiva UTP<\/strong>,&nbsp;nos&nbsp;complace darte la bienvenida a la Franja I \u2013 Vigencia 2026 de la Escuela de Formaci\u00f3n Deportiva de la Universidad Tecnol\u00f3gica de Pereira (EFD \u2013 UTP). Las inscripciones se llevar\u00e1n a cabo hasta el 05 de febrero de 2026.<\/p>\n\n\n\n<p><span class=\"post-content__span\"> <img decoding=\"async\" alt=\"\ud83d\udcc5\" src=\"https:\/\/ci3.googleusercontent.com\/meips\/ADKq_NbfMdwyL-sIi8HURlKTMedrj9AANSAOOmBz8JjSZu6TvEFjpCPZKhOI1bz7ahHIuN2yM55LVxWpfi4IJmHeqmWL_0rMCjnAHTjOBbJz5dM=s0-d-e1-ft#https:\/\/fonts.gstatic.com\/s\/e\/notoemoji\/16.0\/1f4c5\/32.png\">&nbsp;&nbsp;Inicio:&nbsp;s\u00e1bado 14 de febrero de 2026<br>Finaliza:&nbsp;9 de abril de 2026<\/p>\n\n\n\n<p><span class=\"post-content__span\"> <img decoding=\"async\" alt=\"\ud83d\udccd\" src=\"https:\/\/ci3.googleusercontent.com\/meips\/ADKq_NatazPG25nH4HfBbsb5t4NIYf8zfIvagd6Lz4ziiuIHHjY__S_aF7XUgdqIuV4NANPWHv863RGoLG-vL1o2c8DcHOptk4cbinjDQ_C-Rh8=s0-d-e1-ft#https:\/\/fonts.gstatic.com\/s\/e\/notoemoji\/16.0\/1f4cd\/32.png\">&nbsp;Escenarios:<br>Se desarrollar\u00e1n en los&nbsp;mismos escenarios institucionales de la UTP, seg\u00fan el deporte y nivel seleccionado.<img decoding=\"async\" alt=\"\ud83c\udfc3\u200d\u2640\ufe0f\" src=\"https:\/\/ci3.googleusercontent.com\/meips\/ADKq_Na4gNqJa_rfC7ZHH88UxmG3zZv5JKxYFc2Z4nza8nx8TpRIzkowePih5rBIUiG59RDs9T9icH680JyfarNVcDXyDAAuvStM0IkVaBzbMPQRFCKlW3kqz3a1wK35S8k=s0-d-e1-ft#https:\/\/fonts.gstatic.com\/s\/e\/notoemoji\/16.0\/1f3c3_200d_2640_fe0f\/32.png\"><img decoding=\"async\" alt=\"\ud83c\udfca\u200d\u2642\ufe0f\" src=\"https:\/\/ci3.googleusercontent.com\/meips\/ADKq_NYSELU85LvIwgKsxfLZ6WrLV9VeQXnlfWRxWSbDdghqcfKc9CrzMSSN1VcDUj2L_wcaroOZw42n4_7sFIMJ222g0Q-S9EVmzo1V1pbfEIs5lgHZ5e_MhY9tYnZmPVM=s0-d-e1-ft#https:\/\/fonts.gstatic.com\/s\/e\/notoemoji\/16.0\/1f3ca_200d_2642_fe0f\/32.png\">&nbsp;Oferta deportiva:Inicio: s\u00e1bado 14 de febrero de 2026<br>Finaliza: 9 de abril de 2026<\/p>\n\n\n\n<p><span class=\"post-content__span\"> <img decoding=\"async\" alt=\"\ud83e\udd4b\" src=\"https:\/\/fonts.gstatic.com\/s\/e\/notoemoji\/16.0\/1f94b\/32.png\">Judo<\/p>\n\n\n\n<p><span class=\"post-content__span\"> <img decoding=\"async\" alt=\"\ud83c\udfca\" src=\"https:\/\/fonts.gstatic.com\/s\/e\/notoemoji\/16.0\/1f3ca\/32.png\">Nataci\u00f3n<\/p>\n\n\n\n<p><span class=\"post-content__span\"> <img decoding=\"async\" alt=\"\ud83c\udfbe\" src=\"https:\/\/fonts.gstatic.com\/s\/e\/notoemoji\/16.0\/1f3be\/32.png\">Tenis<br><img decoding=\"async\" alt=\"\ud83d\udcdd\" src=\"https:\/\/ci3.googleusercontent.com\/meips\/ADKq_Na7Ca8DHj7XeMq_z9wJRyR7Hokt789gSwxH62soqHJiD_pzHr14jdz-NuorqB1ldKrbl83tv-_bnSKpF9cgZVXiivGYr_IJ3201o9-MSvU=s0-d-e1-ft#https:\/\/fonts.gstatic.com\/s\/e\/notoemoji\/16.0\/1f4dd\/32.png\">&nbsp;Inscripciones:En el flyer encontrar\u00e1s los c\u00f3digos QR de inscripci\u00f3n, diferenciados para:<\/p>\n\n\n\n<p><span class=\"post-content__span\"> -Ni\u00f1os, ni\u00f1as y adolescentes<br>-Adultos<\/p>\n\n\n\n<p><span class=\"post-content__span\"> Te invitamos a revisar cuidadosamente el flyer y realizar tu inscripci\u00f3n a trav\u00e9s del QR correspondiente.<br>Tambi\u00e9n te puedes inscribir en los siguientes enlaces:<\/p>\n\n\n\n<p><span class=\"post-content__span\"> INSCRIPCI\u00d3N ADULTOS<\/p>\n\n\n\n<p><span class=\"post-content__span\"> <a href=\"https:\/\/forms.gle\/g8y3kFHmQmdkPmwz7\">https:\/\/forms.gle\/g8y3kFHmQmdkPmwz7<\/a><\/p>\n\n\n\n<p><span class=\"post-content__span\"> INSCRIPCI\u00d3N NI\u00d1OS<\/p>\n\n\n\n<p><span class=\"post-content__span\"> <a href=\"https:\/\/forms.gle\/kSTq2vDP5G2CpP3DA\">https:\/\/forms.gle\/kSTq2vDP5G2CpP3DA<\/a><\/p>\n\n\n\n<p><span class=\"post-content__span\"> <strong>&nbsp;INSCRIPCIONES \u2013 INFORMACI\u00d3N:<\/strong><\/p>\n\n\n\n<p><span class=\"post-content__span\"> <img decoding=\"async\" alt=\"\ud83d\udce7\" src=\"https:\/\/fonts.gstatic.com\/s\/e\/notoemoji\/16.0\/1f4e7\/32.png\">&nbsp;<strong>Correo<\/strong>:&nbsp;<a href=\"mailto:escuelaformaciondeportiva@utp.edu.co\" target=\"_blank\" rel=\"noreferrer noopener\">escuelaformaciondeportiva@utp.edu.co<\/a><br><img decoding=\"async\" alt=\"\ud83d\udcf1\" src=\"https:\/\/fonts.gstatic.com\/s\/e\/notoemoji\/16.0\/1f4f1\/32.png\">&nbsp;<strong>Tel\u00e9fono<\/strong>: 6063137453&nbsp; + 6063137275&nbsp;<\/p>\n\n\n\n<p><span class=\"post-content__span\"> <strong>Oficina:<\/strong>&nbsp;VRSBU edificio 2- BU -2-120 &#8211; 119&nbsp;\/ Oficina 2-216&nbsp;<\/p>\n","protected":false},"excerpt":{"rendered":"<p>Desde la Vicerrector\u00eda de Responsabilidad Social y Bienestar Universitario, es un gusto invitarlo a participar en los&nbsp;cursos de la Escuela [&hellip;]<\/p>\n","protected":false},"author":30,"featured_media":64424,"comment_status":"open","ping_status":"open","sticky":false,"template":"","format":"standard","meta":{"footnotes":""},"categories":[8,3],"tags":[],"class_list":["post-64423","post","type-post","status-publish","format-standard","has-post-thumbnail","hentry","category-escenarios-deportivos","category-noticias"],"_links":{"self":[{"href":"https:\/\/vicerrectorias.utp.edu.co\/responsabilidad-social\/wp-json\/wp\/v2\/posts\/64423","targetHints":{"allow":["GET"]}}],"collection":[{"href":"https:\/\/vicerrectorias.utp.edu.co\/responsabilidad-social\/wp-json\/wp\/v2\/posts"}],"about":[{"href":"https:\/\/vicerrectorias.utp.edu.co\/responsabilidad-social\/wp-json\/wp\/v2\/types\/post"}],"author":[{"embeddable":true,"href":"https:\/\/vicerrectorias.utp.edu.co\/responsabilidad-social\/wp-json\/wp\/v2\/users\/30"}],"replies":[{"embeddable":true,"href":"https:\/\/vicerrectorias.utp.edu.co\/responsabilidad-social\/wp-json\/wp\/v2\/comments?post=64423"}],"version-history":[{"count":1,"href":"https:\/\/vicerrectorias.utp.edu.co\/responsabilidad-social\/wp-json\/wp\/v2\/posts\/64423\/revisions"}],"predecessor-version":[{"id":64425,"href":"https:\/\/vicerrectorias.utp.edu.co\/responsabilidad-social\/wp-json\/wp\/v2\/posts\/64423\/revisions\/64425"}],"wp:featuredmedia":[{"embeddable":true,"href":"https:\/\/vicerrectorias.utp.edu.co\/responsabilidad-social\/wp-json\/wp\/v2\/media\/64424"}],"wp:attachment":[{"href":"https:\/\/vicerrectorias.utp.edu.co\/responsabilidad-social\/wp-json\/wp\/v2\/media?parent=64423"}],"wp:term":[{"taxonomy":"category","embeddable":true,"href":"https:\/\/vicerrectorias.utp.edu.co\/responsabilidad-social\/wp-json\/wp\/v2\/categories?post=64423"},{"taxonomy":"post_tag","embeddable":true,"href":"https:\/\/vicerrectorias.utp.edu.co\/responsabilidad-social\/wp-json\/wp\/v2\/tags?post=64423"}],"curies":[{"name":"wp","href":"https:\/\/api.w.org\/{rel}","templated":true}]}}