{"id":6441,"date":"2019-10-16T11:28:49","date_gmt":"2019-10-16T09:28:49","guid":{"rendered":""},"modified":"2024-08-16T15:03:25","modified_gmt":"2024-08-16T13:03:25","slug":"festival-nacional-de-la-cancion-ascuncultura-2019","status":"publish","type":"post","link":"https:\/\/vicerrectorias.utp.edu.co\/responsabilidad-social\/festival-nacional-de-la-cancion-ascuncultura-2019\/","title":{"rendered":"Festival Nacional de la Canci\u00f3n ASCUNCULTURA 2019"},"content":{"rendered":"\n<p><span class=\"post-content__span\"> Festival Nacional de la Canci\u00f3n ASCUNCULTURA 2019<\/p>\n\n\n\n<p><span class=\"post-content__span\"> <img decoding=\"async\" src=\"https:\/\/comunicaciones.utp.edu.co\/wp-content\/uploads\/sites\/2\/Festival-Nacional-de-la-Cancion-ASCUNCULTURA-2019-minatura.jpg\"><\/p>\n\n\n\n<p><span class=\"post-content__span\"> Durante los d\u00edas 5, 6 y 7 de noviembre de 2019 con la organizaci\u00f3n de la Vicerrector\u00eda de Responsabildad Social y Bienestar Universitario UTP, se estar\u00e1 llevando a cabo el Festival Nacional de la Canci\u00f3n ASCUNCULTURA 2019.<\/p>\n\n\n\n<p><span class=\"post-content__span\"> Este evento re\u00fane 36 estudiantes universitarios de todo el pa\u00eds en las modalidades de int\u00e9rprete, solista femenino y masculino y canci\u00f3n in\u00e9dita.<\/p>\n\n\n\n<p><span class=\"post-content__span\"> La entrada es&nbsp; gratuita.<\/p>\n\n\n\n<figure class=\"wp-block-image\"><img decoding=\"async\" src=\"https:\/\/comunicaciones.utp.edu.co\/wp-content\/uploads\/sites\/2\/Festival-Nacional-de-la-Cancion-ASCUNCULTURA-2019.jpg\" alt=\"\"\/><\/figure>\n","protected":false},"excerpt":{"rendered":"<p>Festival Nacional de la Canci\u00f3n ASCUNCULTURA 2019 Durante los d\u00edas 5, 6 y 7 de noviembre de 2019 con la [&hellip;]<\/p>\n","protected":false},"author":0,"featured_media":60485,"comment_status":"closed","ping_status":"closed","sticky":false,"template":"","format":"standard","meta":{"footnotes":""},"categories":[3],"tags":[],"class_list":["post-6441","post","type-post","status-publish","format-standard","has-post-thumbnail","hentry","category-noticias"],"_links":{"self":[{"href":"https:\/\/vicerrectorias.utp.edu.co\/responsabilidad-social\/wp-json\/wp\/v2\/posts\/6441","targetHints":{"allow":["GET"]}}],"collection":[{"href":"https:\/\/vicerrectorias.utp.edu.co\/responsabilidad-social\/wp-json\/wp\/v2\/posts"}],"about":[{"href":"https:\/\/vicerrectorias.utp.edu.co\/responsabilidad-social\/wp-json\/wp\/v2\/types\/post"}],"replies":[{"embeddable":true,"href":"https:\/\/vicerrectorias.utp.edu.co\/responsabilidad-social\/wp-json\/wp\/v2\/comments?post=6441"}],"version-history":[{"count":3,"href":"https:\/\/vicerrectorias.utp.edu.co\/responsabilidad-social\/wp-json\/wp\/v2\/posts\/6441\/revisions"}],"predecessor-version":[{"id":61026,"href":"https:\/\/vicerrectorias.utp.edu.co\/responsabilidad-social\/wp-json\/wp\/v2\/posts\/6441\/revisions\/61026"}],"wp:featuredmedia":[{"embeddable":true,"href":"https:\/\/vicerrectorias.utp.edu.co\/responsabilidad-social\/wp-json\/wp\/v2\/media\/60485"}],"wp:attachment":[{"href":"https:\/\/vicerrectorias.utp.edu.co\/responsabilidad-social\/wp-json\/wp\/v2\/media?parent=6441"}],"wp:term":[{"taxonomy":"category","embeddable":true,"href":"https:\/\/vicerrectorias.utp.edu.co\/responsabilidad-social\/wp-json\/wp\/v2\/categories?post=6441"},{"taxonomy":"post_tag","embeddable":true,"href":"https:\/\/vicerrectorias.utp.edu.co\/responsabilidad-social\/wp-json\/wp\/v2\/tags?post=6441"}],"curies":[{"name":"wp","href":"https:\/\/api.w.org\/{rel}","templated":true}]}}