{"id":64326,"date":"2025-10-23T15:42:15","date_gmt":"2025-10-23T13:42:15","guid":{"rendered":"https:\/\/vicerrectorias.utp.edu.co\/responsabilidad-social\/?p=64326"},"modified":"2025-10-23T16:41:28","modified_gmt":"2025-10-23T14:41:28","slug":"reto-utp-campus-sustentable","status":"publish","type":"post","link":"https:\/\/vicerrectorias.utp.edu.co\/responsabilidad-social\/reto-utp-campus-sustentable\/","title":{"rendered":"Reto UTP Campus Sustentable\u00a0"},"content":{"rendered":"\n<p><span class=\"post-content__span\"> El <strong>Centro de Gesti\u00f3n Ambiental de la Universidad Tecnol\u00f3gica de Pereira<\/strong> dio inicio al <strong>Reto UTP Campus Sustentable<\/strong>, una estrategia que busca promover la participaci\u00f3n activa de la comunidad universitaria en acciones que fortalezcan la cultura ambiental dentro del campus. Esta iniciativa se desarrolla en el marco de la <strong>conmemoraci\u00f3n de los 15 a\u00f1os de la Pol\u00edtica Ambiental Institucional<\/strong>, reafirmando el compromiso de la universidad con la sostenibilidad y la responsabilidad ecol\u00f3gica.<\/p>\n\n\n\n<p><span class=\"post-content__span\"> El reto invita a las diferentes dependencias, programas acad\u00e9micos y miembros de la comunidad universitaria a sumarse con propuestas y pr\u00e1cticas que contribuyan a un campus m\u00e1s sustentable, limpio y consciente con el entorno.<\/p>\n\n\n\n<p><span class=\"post-content__span\"> Desde el Centro de Gesti\u00f3n Ambiental se expres\u00f3 un agradecimiento especial a las dependencias que han apoyado la implementaci\u00f3n de las acciones del reto dentro de sus espacios, facilitando la participaci\u00f3n y el trabajo colaborativo en pro del bienestar ambiental.<\/p>\n\n\n\n<p><span class=\"post-content__span\"> Como parte de esta conmemoraci\u00f3n, se comparte la <strong>infograf\u00eda oficial del Reto UTP Campus Sustentable<\/strong>, la <strong>programaci\u00f3n de actividades entre octubre y noviembre<\/strong>, y un <strong>enlace con las instrucciones para participar<\/strong>, con el fin de que toda la comunidad universitaria pueda sumarse y replicar esta informaci\u00f3n a trav\u00e9s de los diferentes canales institucionales: voz a voz, redes sociales, carteleras y medios internos de comunicaci\u00f3n.<\/p>\n\n\n\n<p><span class=\"post-content__span\"> En los pr\u00f3ximos d\u00edas se realizar\u00e1 adem\u00e1s la entrega de <strong>afiches f\u00edsicos del reto<\/strong>, que ser\u00e1n ubicados en puntos estrat\u00e9gicos del campus para incentivar la participaci\u00f3n y visibilizar las acciones en curso.<\/p>\n\n\n\n<p><span class=\"post-content__span\"> El Centro de Gesti\u00f3n Ambiental reafirma su compromiso con la construcci\u00f3n de una <strong>universidad m\u00e1s sustentable, viva y participativa<\/strong>, invitando a toda la comunidad UTP a seguir aportando ideas y esfuerzos para consolidar una cultura ambiental s\u00f3lida y colectiva.<\/p>\n\n\n<div class=\"wp-block-image\">\n<figure class=\"aligncenter size-large\"><img loading=\"lazy\" decoding=\"async\" width=\"269\" height=\"1024\" src=\"https:\/\/vicerrectorias.utp.edu.co\/responsabilidad-social\/wp-content\/uploads\/sites\/12\/Pieza-completa-web_page-0001-1-269x1024.jpg\" alt=\"\" class=\"wp-image-64327\" srcset=\"https:\/\/vicerrectorias.utp.edu.co\/responsabilidad-social\/wp-content\/uploads\/sites\/12\/Pieza-completa-web_page-0001-1-269x1024.jpg 269w, https:\/\/vicerrectorias.utp.edu.co\/responsabilidad-social\/wp-content\/uploads\/sites\/12\/Pieza-completa-web_page-0001-1-79x300.jpg 79w, https:\/\/vicerrectorias.utp.edu.co\/responsabilidad-social\/wp-content\/uploads\/sites\/12\/Pieza-completa-web_page-0001-1-768x2922.jpg 768w, https:\/\/vicerrectorias.utp.edu.co\/responsabilidad-social\/wp-content\/uploads\/sites\/12\/Pieza-completa-web_page-0001-1-404x1536.jpg 404w, https:\/\/vicerrectorias.utp.edu.co\/responsabilidad-social\/wp-content\/uploads\/sites\/12\/Pieza-completa-web_page-0001-1-538x2048.jpg 538w, https:\/\/vicerrectorias.utp.edu.co\/responsabilidad-social\/wp-content\/uploads\/sites\/12\/Pieza-completa-web_page-0001-1-scaled.jpg 673w\" sizes=\"auto, (max-width: 269px) 100vw, 269px\" \/><\/figure>\n<\/div>","protected":false},"excerpt":{"rendered":"<p>El Centro de Gesti\u00f3n Ambiental de la Universidad Tecnol\u00f3gica de Pereira dio inicio al Reto UTP Campus Sustentable, una estrategia [&hellip;]<\/p>\n","protected":false},"author":30,"featured_media":64329,"comment_status":"open","ping_status":"open","sticky":false,"template":"","format":"standard","meta":{"footnotes":""},"categories":[3],"tags":[],"class_list":["post-64326","post","type-post","status-publish","format-standard","has-post-thumbnail","hentry","category-noticias"],"_links":{"self":[{"href":"https:\/\/vicerrectorias.utp.edu.co\/responsabilidad-social\/wp-json\/wp\/v2\/posts\/64326","targetHints":{"allow":["GET"]}}],"collection":[{"href":"https:\/\/vicerrectorias.utp.edu.co\/responsabilidad-social\/wp-json\/wp\/v2\/posts"}],"about":[{"href":"https:\/\/vicerrectorias.utp.edu.co\/responsabilidad-social\/wp-json\/wp\/v2\/types\/post"}],"author":[{"embeddable":true,"href":"https:\/\/vicerrectorias.utp.edu.co\/responsabilidad-social\/wp-json\/wp\/v2\/users\/30"}],"replies":[{"embeddable":true,"href":"https:\/\/vicerrectorias.utp.edu.co\/responsabilidad-social\/wp-json\/wp\/v2\/comments?post=64326"}],"version-history":[{"count":1,"href":"https:\/\/vicerrectorias.utp.edu.co\/responsabilidad-social\/wp-json\/wp\/v2\/posts\/64326\/revisions"}],"predecessor-version":[{"id":64328,"href":"https:\/\/vicerrectorias.utp.edu.co\/responsabilidad-social\/wp-json\/wp\/v2\/posts\/64326\/revisions\/64328"}],"wp:featuredmedia":[{"embeddable":true,"href":"https:\/\/vicerrectorias.utp.edu.co\/responsabilidad-social\/wp-json\/wp\/v2\/media\/64329"}],"wp:attachment":[{"href":"https:\/\/vicerrectorias.utp.edu.co\/responsabilidad-social\/wp-json\/wp\/v2\/media?parent=64326"}],"wp:term":[{"taxonomy":"category","embeddable":true,"href":"https:\/\/vicerrectorias.utp.edu.co\/responsabilidad-social\/wp-json\/wp\/v2\/categories?post=64326"},{"taxonomy":"post_tag","embeddable":true,"href":"https:\/\/vicerrectorias.utp.edu.co\/responsabilidad-social\/wp-json\/wp\/v2\/tags?post=64326"}],"curies":[{"name":"wp","href":"https:\/\/api.w.org\/{rel}","templated":true}]}}