{"id":64323,"date":"2025-10-18T14:35:42","date_gmt":"2025-10-18T12:35:42","guid":{"rendered":"https:\/\/vicerrectorias.utp.edu.co\/responsabilidad-social\/?p=64323"},"modified":"2025-10-18T14:35:42","modified_gmt":"2025-10-18T12:35:42","slug":"sexcubrete-un-espacio-para-el-empoderamiento-y-la-reflexion-sobre-la-sexualidad-femenina","status":"publish","type":"post","link":"https:\/\/vicerrectorias.utp.edu.co\/responsabilidad-social\/sexcubrete-un-espacio-para-el-empoderamiento-y-la-reflexion-sobre-la-sexualidad-femenina\/","title":{"rendered":"Sexc\u00fabrete un espacio para el empoderamiento y la reflexi\u00f3n sobre la sexualidad femenina."},"content":{"rendered":"\n<figure class=\"wp-block-image size-large\"><img loading=\"lazy\" decoding=\"async\" width=\"1024\" height=\"683\" src=\"https:\/\/vicerrectorias.utp.edu.co\/responsabilidad-social\/wp-content\/uploads\/sites\/12\/DSC05617-1024x683.jpg\" alt=\"\" class=\"wp-image-64324\" srcset=\"https:\/\/vicerrectorias.utp.edu.co\/responsabilidad-social\/wp-content\/uploads\/sites\/12\/DSC05617-1024x683.jpg 1024w, https:\/\/vicerrectorias.utp.edu.co\/responsabilidad-social\/wp-content\/uploads\/sites\/12\/DSC05617-300x200.jpg 300w, https:\/\/vicerrectorias.utp.edu.co\/responsabilidad-social\/wp-content\/uploads\/sites\/12\/DSC05617-768x512.jpg 768w, https:\/\/vicerrectorias.utp.edu.co\/responsabilidad-social\/wp-content\/uploads\/sites\/12\/DSC05617-1536x1024.jpg 1536w, https:\/\/vicerrectorias.utp.edu.co\/responsabilidad-social\/wp-content\/uploads\/sites\/12\/DSC05617-2048x1365.jpg 2048w\" sizes=\"auto, (max-width: 1024px) 100vw, 1024px\" \/><\/figure>\n\n\n\n<p><span class=\"post-content__span\"> Desde la <strong>Vicerrector\u00eda de Responsabilidad Social y Bienestar Universitario<\/strong> se desarroll\u00f3 el taller <strong>\u201cSexc\u00fabrete\u201d<\/strong>, un espacio de aprendizaje y conversaci\u00f3n orientado a promover el <strong>autoconocimiento, la autonom\u00eda y el empoderamiento de las mujeres<\/strong> frente a su sexualidad.<\/p>\n\n\n\n<p><span class=\"post-content__span\"> El encuentro tuvo como prop\u00f3sito <strong>desmitificar creencias y estereotipos<\/strong> que hist\u00f3ricamente han limitado la comprensi\u00f3n de la sexualidad femenina, invitando a las participantes a reflexionar sobre su cuerpo, sus emociones y sus experiencias desde una perspectiva libre de prejuicios.<\/p>\n\n\n\n<p><span class=\"post-content__span\"> A trav\u00e9s de una metodolog\u00eda participativa, las asistentes exploraron la diferencia entre <strong>sexo y sexualidad<\/strong>, comprendiendo que esta \u00faltima trasciende lo biol\u00f3gico e involucra aspectos emocionales, relacionales y sociales. Asimismo, se promovi\u00f3 el reconocimiento del cuerpo como un <strong>territorio sagrado<\/strong>, fuente de vida y bienestar, que merece cuidado, respeto y valoraci\u00f3n.<\/p>\n\n\n\n<p><span class=\"post-content__span\"> Esta iniciativa hace parte de las acciones lideradas por la Vicerrector\u00eda para fortalecer los procesos de <strong>formaci\u00f3n integral y bienestar emocional<\/strong> de la comunidad universitaria, reafirmando su compromiso con la <strong>equidad de g\u00e9nero, la inclusi\u00f3n y la construcci\u00f3n de entornos seguros y respetuosos<\/strong> para todas las personas.<\/p>\n","protected":false},"excerpt":{"rendered":"<p>Desde la Vicerrector\u00eda de Responsabilidad Social y Bienestar Universitario se desarroll\u00f3 el taller \u201cSexc\u00fabrete\u201d, un espacio de aprendizaje y conversaci\u00f3n [&hellip;]<\/p>\n","protected":false},"author":30,"featured_media":64324,"comment_status":"open","ping_status":"open","sticky":false,"template":"","format":"standard","meta":{"footnotes":""},"categories":[3],"tags":[],"class_list":["post-64323","post","type-post","status-publish","format-standard","has-post-thumbnail","hentry","category-noticias"],"_links":{"self":[{"href":"https:\/\/vicerrectorias.utp.edu.co\/responsabilidad-social\/wp-json\/wp\/v2\/posts\/64323","targetHints":{"allow":["GET"]}}],"collection":[{"href":"https:\/\/vicerrectorias.utp.edu.co\/responsabilidad-social\/wp-json\/wp\/v2\/posts"}],"about":[{"href":"https:\/\/vicerrectorias.utp.edu.co\/responsabilidad-social\/wp-json\/wp\/v2\/types\/post"}],"author":[{"embeddable":true,"href":"https:\/\/vicerrectorias.utp.edu.co\/responsabilidad-social\/wp-json\/wp\/v2\/users\/30"}],"replies":[{"embeddable":true,"href":"https:\/\/vicerrectorias.utp.edu.co\/responsabilidad-social\/wp-json\/wp\/v2\/comments?post=64323"}],"version-history":[{"count":1,"href":"https:\/\/vicerrectorias.utp.edu.co\/responsabilidad-social\/wp-json\/wp\/v2\/posts\/64323\/revisions"}],"predecessor-version":[{"id":64325,"href":"https:\/\/vicerrectorias.utp.edu.co\/responsabilidad-social\/wp-json\/wp\/v2\/posts\/64323\/revisions\/64325"}],"wp:featuredmedia":[{"embeddable":true,"href":"https:\/\/vicerrectorias.utp.edu.co\/responsabilidad-social\/wp-json\/wp\/v2\/media\/64324"}],"wp:attachment":[{"href":"https:\/\/vicerrectorias.utp.edu.co\/responsabilidad-social\/wp-json\/wp\/v2\/media?parent=64323"}],"wp:term":[{"taxonomy":"category","embeddable":true,"href":"https:\/\/vicerrectorias.utp.edu.co\/responsabilidad-social\/wp-json\/wp\/v2\/categories?post=64323"},{"taxonomy":"post_tag","embeddable":true,"href":"https:\/\/vicerrectorias.utp.edu.co\/responsabilidad-social\/wp-json\/wp\/v2\/tags?post=64323"}],"curies":[{"name":"wp","href":"https:\/\/api.w.org\/{rel}","templated":true}]}}