{"id":64268,"date":"2025-09-30T21:44:39","date_gmt":"2025-09-30T19:44:39","guid":{"rendered":"https:\/\/vicerrectorias.utp.edu.co\/responsabilidad-social\/?p=64268"},"modified":"2025-09-30T21:45:54","modified_gmt":"2025-09-30T19:45:54","slug":"cultura-ciudadana-sobre-ruedas-una-apuesta-por-la-seguridad-vial-en-la-utp","status":"publish","type":"post","link":"https:\/\/vicerrectorias.utp.edu.co\/responsabilidad-social\/cultura-ciudadana-sobre-ruedas-una-apuesta-por-la-seguridad-vial-en-la-utp\/","title":{"rendered":"Cultura Ciudadana sobre ruedas, una apuesta por la seguridad vial en la UTP."},"content":{"rendered":"\n<figure class=\"wp-block-image size-large\"><img loading=\"lazy\" decoding=\"async\" width=\"768\" height=\"1024\" src=\"https:\/\/vicerrectorias.utp.edu.co\/responsabilidad-social\/wp-content\/uploads\/sites\/12\/IMG_5563-768x1024.jpeg\" alt=\"\" class=\"wp-image-64269\" srcset=\"https:\/\/vicerrectorias.utp.edu.co\/responsabilidad-social\/wp-content\/uploads\/sites\/12\/IMG_5563-768x1024.jpeg 768w, https:\/\/vicerrectorias.utp.edu.co\/responsabilidad-social\/wp-content\/uploads\/sites\/12\/IMG_5563-225x300.jpeg 225w, https:\/\/vicerrectorias.utp.edu.co\/responsabilidad-social\/wp-content\/uploads\/sites\/12\/IMG_5563-1152x1536.jpeg 1152w, https:\/\/vicerrectorias.utp.edu.co\/responsabilidad-social\/wp-content\/uploads\/sites\/12\/IMG_5563.jpeg 1200w\" sizes=\"auto, (max-width: 768px) 100vw, 768px\" \/><\/figure>\n\n\n\n<p><span class=\"post-content__span\"> Con el prop\u00f3sito de promover la seguridad vial y la responsabilidad en la conducci\u00f3n, 170 estudiantes de la l\u00ednea de Cultura Ciudadana del Servicio Social de la Universidad Tecnol\u00f3gica de Pereira desarrollaron la campa\u00f1a&nbsp;<strong>\u201cCultura Ciudadana sobre ruedas\u201d<\/strong>, dirigida especialmente a los motociclistas que diariamente ingresan al campus.<\/p>\n\n\n\n<p><span class=\"post-content__span\"> La iniciativa busca recordar que la vida siempre debe estar por encima de la prisa. Para ello, los estudiantes elaboraron tarjetas con mensajes pedag\u00f3gicos orientados a fomentar la conducci\u00f3n segura y el respeto por las normas de tr\u00e1nsito.<\/p>\n\n\n\n<figure class=\"wp-block-image size-large\"><img loading=\"lazy\" decoding=\"async\" width=\"768\" height=\"1024\" src=\"https:\/\/vicerrectorias.utp.edu.co\/responsabilidad-social\/wp-content\/uploads\/sites\/12\/IMG_5564-768x1024.jpeg\" alt=\"\" class=\"wp-image-64270\" srcset=\"https:\/\/vicerrectorias.utp.edu.co\/responsabilidad-social\/wp-content\/uploads\/sites\/12\/IMG_5564-768x1024.jpeg 768w, https:\/\/vicerrectorias.utp.edu.co\/responsabilidad-social\/wp-content\/uploads\/sites\/12\/IMG_5564-225x300.jpeg 225w, https:\/\/vicerrectorias.utp.edu.co\/responsabilidad-social\/wp-content\/uploads\/sites\/12\/IMG_5564-1152x1536.jpeg 1152w, https:\/\/vicerrectorias.utp.edu.co\/responsabilidad-social\/wp-content\/uploads\/sites\/12\/IMG_5564-1536x2048.jpeg 1536w, https:\/\/vicerrectorias.utp.edu.co\/responsabilidad-social\/wp-content\/uploads\/sites\/12\/IMG_5564-scaled.jpeg 1920w\" sizes=\"auto, (max-width: 768px) 100vw, 768px\" \/><\/figure>\n\n\n\n<p><span class=\"post-content__span\"> La primera jornada de intervenci\u00f3n tuvo lugar el mi\u00e9rcoles 24 de septiembre en el parqueadero Roa, donde alrededor de 400 motociclistas recibieron estas tarjetas. Durante las pr\u00f3ximas dos semanas, la campa\u00f1a se extender\u00e1 a diferentes parqueaderos de la Universidad, con el fin de continuar fortaleciendo la cultura ciudadana y consolidar espacios de movilidad m\u00e1s seguros dentro de la instituci\u00f3n.<\/p>\n\n\n\n<figure class=\"wp-block-image size-large\"><img loading=\"lazy\" decoding=\"async\" width=\"1024\" height=\"794\" src=\"https:\/\/vicerrectorias.utp.edu.co\/responsabilidad-social\/wp-content\/uploads\/sites\/12\/IMG_5560-1024x794.jpeg\" alt=\"\" class=\"wp-image-64271\" srcset=\"https:\/\/vicerrectorias.utp.edu.co\/responsabilidad-social\/wp-content\/uploads\/sites\/12\/IMG_5560-1024x794.jpeg 1024w, https:\/\/vicerrectorias.utp.edu.co\/responsabilidad-social\/wp-content\/uploads\/sites\/12\/IMG_5560-300x233.jpeg 300w, https:\/\/vicerrectorias.utp.edu.co\/responsabilidad-social\/wp-content\/uploads\/sites\/12\/IMG_5560-768x596.jpeg 768w, https:\/\/vicerrectorias.utp.edu.co\/responsabilidad-social\/wp-content\/uploads\/sites\/12\/IMG_5560-1536x1191.jpeg 1536w, https:\/\/vicerrectorias.utp.edu.co\/responsabilidad-social\/wp-content\/uploads\/sites\/12\/IMG_5560-2048x1589.jpeg 2048w\" sizes=\"auto, (max-width: 1024px) 100vw, 1024px\" \/><\/figure>\n","protected":false},"excerpt":{"rendered":"<p>Con el prop\u00f3sito de promover la seguridad vial y la responsabilidad en la conducci\u00f3n, 170 estudiantes de la l\u00ednea de [&hellip;]<\/p>\n","protected":false},"author":30,"featured_media":64273,"comment_status":"open","ping_status":"open","sticky":false,"template":"","format":"standard","meta":{"footnotes":""},"categories":[3],"tags":[],"class_list":["post-64268","post","type-post","status-publish","format-standard","has-post-thumbnail","hentry","category-noticias"],"_links":{"self":[{"href":"https:\/\/vicerrectorias.utp.edu.co\/responsabilidad-social\/wp-json\/wp\/v2\/posts\/64268","targetHints":{"allow":["GET"]}}],"collection":[{"href":"https:\/\/vicerrectorias.utp.edu.co\/responsabilidad-social\/wp-json\/wp\/v2\/posts"}],"about":[{"href":"https:\/\/vicerrectorias.utp.edu.co\/responsabilidad-social\/wp-json\/wp\/v2\/types\/post"}],"author":[{"embeddable":true,"href":"https:\/\/vicerrectorias.utp.edu.co\/responsabilidad-social\/wp-json\/wp\/v2\/users\/30"}],"replies":[{"embeddable":true,"href":"https:\/\/vicerrectorias.utp.edu.co\/responsabilidad-social\/wp-json\/wp\/v2\/comments?post=64268"}],"version-history":[{"count":1,"href":"https:\/\/vicerrectorias.utp.edu.co\/responsabilidad-social\/wp-json\/wp\/v2\/posts\/64268\/revisions"}],"predecessor-version":[{"id":64272,"href":"https:\/\/vicerrectorias.utp.edu.co\/responsabilidad-social\/wp-json\/wp\/v2\/posts\/64268\/revisions\/64272"}],"wp:featuredmedia":[{"embeddable":true,"href":"https:\/\/vicerrectorias.utp.edu.co\/responsabilidad-social\/wp-json\/wp\/v2\/media\/64273"}],"wp:attachment":[{"href":"https:\/\/vicerrectorias.utp.edu.co\/responsabilidad-social\/wp-json\/wp\/v2\/media?parent=64268"}],"wp:term":[{"taxonomy":"category","embeddable":true,"href":"https:\/\/vicerrectorias.utp.edu.co\/responsabilidad-social\/wp-json\/wp\/v2\/categories?post=64268"},{"taxonomy":"post_tag","embeddable":true,"href":"https:\/\/vicerrectorias.utp.edu.co\/responsabilidad-social\/wp-json\/wp\/v2\/tags?post=64268"}],"curies":[{"name":"wp","href":"https:\/\/api.w.org\/{rel}","templated":true}]}}