{"id":64263,"date":"2025-09-30T14:00:46","date_gmt":"2025-09-30T12:00:46","guid":{"rendered":"https:\/\/vicerrectorias.utp.edu.co\/responsabilidad-social\/?p=64263"},"modified":"2025-09-30T14:30:55","modified_gmt":"2025-09-30T12:30:55","slug":"celebracion-del-dia-del-amor-y-la-amistad-en-utepitos","status":"publish","type":"post","link":"https:\/\/vicerrectorias.utp.edu.co\/responsabilidad-social\/celebracion-del-dia-del-amor-y-la-amistad-en-utepitos\/","title":{"rendered":"Celebraci\u00f3n del D\u00eda del Amor y la Amistad en UTEPITOS."},"content":{"rendered":"\n<p><span class=\"post-content__span\"> El pasado 19 de septiembre, el Jard\u00edn CDI Utepitos conmemor\u00f3 el D\u00eda del Amor y la Amistad con una jornada especial de integraci\u00f3n, juegos y alegr\u00eda.<\/p>\n\n\n\n<p><span class=\"post-content__span\"> La celebraci\u00f3n inici\u00f3 a las 2:00 p.m., cuando los ni\u00f1os y ni\u00f1as fueron recogidos en el jard\u00edn y trasladados al coliseo deportivo de La Julita, escenario del encuentro. A las 2:15 p.m. comenzaron las actividades programadas, que incluyeron din\u00e1micas recreativas, juegos grupales y espacios de convivencia, donde tanto los menores como sus familias participaron de manera entusiasta.<\/p>\n\n\n\n<p><span class=\"post-content__span\"> El evento se desarroll\u00f3 en un ambiente festivo y acogedor, con un colorido picnic, juegos de construcci\u00f3n, actividades de lectura, animaci\u00f3n recreativa y un compartir en comunidad que fortaleci\u00f3 los lazos de amistad, respeto y uni\u00f3n.<\/p>\n\n\n\n<p><span class=\"post-content__span\"> Fue una tarde inolvidable para toda la comunidad educativa del CDI Utepitos, que resalt\u00f3 la importancia de celebrar el amor y la amistad a trav\u00e9s de experiencias que fomentan la alegr\u00eda, la integraci\u00f3n familiar y el sentido de comunidad.<\/p>\n\n\n\n<figure class=\"wp-block-image size-large\"><img loading=\"lazy\" decoding=\"async\" width=\"1024\" height=\"768\" src=\"https:\/\/vicerrectorias.utp.edu.co\/responsabilidad-social\/wp-content\/uploads\/sites\/12\/IMG_5544-1024x768.jpeg\" alt=\"\" class=\"wp-image-64264\" srcset=\"https:\/\/vicerrectorias.utp.edu.co\/responsabilidad-social\/wp-content\/uploads\/sites\/12\/IMG_5544-1024x768.jpeg 1024w, https:\/\/vicerrectorias.utp.edu.co\/responsabilidad-social\/wp-content\/uploads\/sites\/12\/IMG_5544-300x225.jpeg 300w, https:\/\/vicerrectorias.utp.edu.co\/responsabilidad-social\/wp-content\/uploads\/sites\/12\/IMG_5544-768x576.jpeg 768w, https:\/\/vicerrectorias.utp.edu.co\/responsabilidad-social\/wp-content\/uploads\/sites\/12\/IMG_5544.jpeg 1280w\" sizes=\"auto, (max-width: 1024px) 100vw, 1024px\" \/><\/figure>\n\n\n\n<figure class=\"wp-block-image size-large\"><img loading=\"lazy\" decoding=\"async\" width=\"1024\" height=\"768\" src=\"https:\/\/vicerrectorias.utp.edu.co\/responsabilidad-social\/wp-content\/uploads\/sites\/12\/IMG_5543-1024x768.jpeg\" alt=\"\" class=\"wp-image-64265\" srcset=\"https:\/\/vicerrectorias.utp.edu.co\/responsabilidad-social\/wp-content\/uploads\/sites\/12\/IMG_5543-1024x768.jpeg 1024w, https:\/\/vicerrectorias.utp.edu.co\/responsabilidad-social\/wp-content\/uploads\/sites\/12\/IMG_5543-300x225.jpeg 300w, https:\/\/vicerrectorias.utp.edu.co\/responsabilidad-social\/wp-content\/uploads\/sites\/12\/IMG_5543-768x576.jpeg 768w, https:\/\/vicerrectorias.utp.edu.co\/responsabilidad-social\/wp-content\/uploads\/sites\/12\/IMG_5543.jpeg 1280w\" sizes=\"auto, (max-width: 1024px) 100vw, 1024px\" \/><\/figure>\n","protected":false},"excerpt":{"rendered":"<p>El pasado 19 de septiembre, el Jard\u00edn CDI Utepitos conmemor\u00f3 el D\u00eda del Amor y la Amistad con una jornada [&hellip;]<\/p>\n","protected":false},"author":30,"featured_media":64267,"comment_status":"open","ping_status":"open","sticky":false,"template":"","format":"standard","meta":{"footnotes":""},"categories":[3],"tags":[],"class_list":["post-64263","post","type-post","status-publish","format-standard","has-post-thumbnail","hentry","category-noticias"],"_links":{"self":[{"href":"https:\/\/vicerrectorias.utp.edu.co\/responsabilidad-social\/wp-json\/wp\/v2\/posts\/64263","targetHints":{"allow":["GET"]}}],"collection":[{"href":"https:\/\/vicerrectorias.utp.edu.co\/responsabilidad-social\/wp-json\/wp\/v2\/posts"}],"about":[{"href":"https:\/\/vicerrectorias.utp.edu.co\/responsabilidad-social\/wp-json\/wp\/v2\/types\/post"}],"author":[{"embeddable":true,"href":"https:\/\/vicerrectorias.utp.edu.co\/responsabilidad-social\/wp-json\/wp\/v2\/users\/30"}],"replies":[{"embeddable":true,"href":"https:\/\/vicerrectorias.utp.edu.co\/responsabilidad-social\/wp-json\/wp\/v2\/comments?post=64263"}],"version-history":[{"count":1,"href":"https:\/\/vicerrectorias.utp.edu.co\/responsabilidad-social\/wp-json\/wp\/v2\/posts\/64263\/revisions"}],"predecessor-version":[{"id":64266,"href":"https:\/\/vicerrectorias.utp.edu.co\/responsabilidad-social\/wp-json\/wp\/v2\/posts\/64263\/revisions\/64266"}],"wp:featuredmedia":[{"embeddable":true,"href":"https:\/\/vicerrectorias.utp.edu.co\/responsabilidad-social\/wp-json\/wp\/v2\/media\/64267"}],"wp:attachment":[{"href":"https:\/\/vicerrectorias.utp.edu.co\/responsabilidad-social\/wp-json\/wp\/v2\/media?parent=64263"}],"wp:term":[{"taxonomy":"category","embeddable":true,"href":"https:\/\/vicerrectorias.utp.edu.co\/responsabilidad-social\/wp-json\/wp\/v2\/categories?post=64263"},{"taxonomy":"post_tag","embeddable":true,"href":"https:\/\/vicerrectorias.utp.edu.co\/responsabilidad-social\/wp-json\/wp\/v2\/tags?post=64263"}],"curies":[{"name":"wp","href":"https:\/\/api.w.org\/{rel}","templated":true}]}}