{"id":64258,"date":"2025-09-29T16:57:28","date_gmt":"2025-09-29T14:57:28","guid":{"rendered":"https:\/\/vicerrectorias.utp.edu.co\/responsabilidad-social\/?p=64258"},"modified":"2025-10-06T22:17:18","modified_gmt":"2025-10-06T20:17:18","slug":"la-utp-impulsa-la-inclusion-con-el-primer-curso-de-lengua-de-senas-para-auxiliares-administrativas","status":"publish","type":"post","link":"https:\/\/vicerrectorias.utp.edu.co\/responsabilidad-social\/la-utp-impulsa-la-inclusion-con-el-primer-curso-de-lengua-de-senas-para-auxiliares-administrativas\/","title":{"rendered":"La UTP impulsa la inclusi\u00f3n con el primer curso de lengua de se\u00f1as para auxiliares administrativas"},"content":{"rendered":"\n<p><span class=\"post-content__span\"> La Universidad Tecnol\u00f3gica de Pereira, a trav\u00e9s de la Pol\u00edtica de Bienestar Institucional, dio inicio al primer curso <em>Administrativos en formaci\u00f3n en lengua de se\u00f1as<\/em>, dirigido a sus auxiliares administrativas. Esta iniciativa hace parte de la estrategia de inclusi\u00f3n con enfoque en discapacidad, que busca fortalecer la comunicaci\u00f3n, la empat\u00eda y la atenci\u00f3n inclusiva en los diferentes espacios de la instituci\u00f3n.<\/p>\n\n\n\n<p><span class=\"post-content__span\"> El curso est\u00e1 orientado a brindar herramientas pr\u00e1cticas que permitan a las participantes interactuar de manera m\u00e1s efectiva con personas sordas, eliminando barreras de comunicaci\u00f3n y promoviendo entornos m\u00e1s equitativos.<\/p>\n\n\n\n<p><span class=\"post-content__span\"> Con este acompa\u00f1amiento, la UTP reafirma su compromiso con la construcci\u00f3n de una comunidad universitaria diversa, incluyente y coherente con los principios de equidad, accesibilidad y bienestar integral.<\/p>\n\n\n<div class=\"wp-block-image\">\n<figure class=\"aligncenter size-large\"><img loading=\"lazy\" decoding=\"async\" width=\"621\" height=\"1024\" src=\"https:\/\/vicerrectorias.utp.edu.co\/responsabilidad-social\/wp-content\/uploads\/sites\/12\/IMG_5523-621x1024.jpg\" alt=\"\" class=\"wp-image-64259\" srcset=\"https:\/\/vicerrectorias.utp.edu.co\/responsabilidad-social\/wp-content\/uploads\/sites\/12\/IMG_5523-621x1024.jpg 621w, https:\/\/vicerrectorias.utp.edu.co\/responsabilidad-social\/wp-content\/uploads\/sites\/12\/IMG_5523-182x300.jpg 182w, https:\/\/vicerrectorias.utp.edu.co\/responsabilidad-social\/wp-content\/uploads\/sites\/12\/IMG_5523-768x1267.jpg 768w, https:\/\/vicerrectorias.utp.edu.co\/responsabilidad-social\/wp-content\/uploads\/sites\/12\/IMG_5523-931x1536.jpg 931w, https:\/\/vicerrectorias.utp.edu.co\/responsabilidad-social\/wp-content\/uploads\/sites\/12\/IMG_5523.jpg 1178w\" sizes=\"auto, (max-width: 621px) 100vw, 621px\" \/><\/figure>\n<\/div>\n\n\n<figure class=\"wp-block-image size-large\"><img loading=\"lazy\" decoding=\"async\" width=\"932\" height=\"1024\" src=\"https:\/\/vicerrectorias.utp.edu.co\/responsabilidad-social\/wp-content\/uploads\/sites\/12\/IMG_5520-932x1024.jpg\" alt=\"\" class=\"wp-image-64260\" srcset=\"https:\/\/vicerrectorias.utp.edu.co\/responsabilidad-social\/wp-content\/uploads\/sites\/12\/IMG_5520-932x1024.jpg 932w, https:\/\/vicerrectorias.utp.edu.co\/responsabilidad-social\/wp-content\/uploads\/sites\/12\/IMG_5520-273x300.jpg 273w, https:\/\/vicerrectorias.utp.edu.co\/responsabilidad-social\/wp-content\/uploads\/sites\/12\/IMG_5520-768x844.jpg 768w, https:\/\/vicerrectorias.utp.edu.co\/responsabilidad-social\/wp-content\/uploads\/sites\/12\/IMG_5520.jpg 1178w\" sizes=\"auto, (max-width: 932px) 100vw, 932px\" \/><\/figure>\n\n\n\n<p><span class=\"post-content__span\"> <\/p>\n","protected":false},"excerpt":{"rendered":"<p>La Universidad Tecnol\u00f3gica de Pereira, a trav\u00e9s de la Pol\u00edtica de Bienestar Institucional, dio inicio al primer curso Administrativos en [&hellip;]<\/p>\n","protected":false},"author":30,"featured_media":64261,"comment_status":"open","ping_status":"open","sticky":false,"template":"","format":"standard","meta":{"footnotes":""},"categories":[3],"tags":[],"class_list":["post-64258","post","type-post","status-publish","format-standard","has-post-thumbnail","hentry","category-noticias"],"_links":{"self":[{"href":"https:\/\/vicerrectorias.utp.edu.co\/responsabilidad-social\/wp-json\/wp\/v2\/posts\/64258","targetHints":{"allow":["GET"]}}],"collection":[{"href":"https:\/\/vicerrectorias.utp.edu.co\/responsabilidad-social\/wp-json\/wp\/v2\/posts"}],"about":[{"href":"https:\/\/vicerrectorias.utp.edu.co\/responsabilidad-social\/wp-json\/wp\/v2\/types\/post"}],"author":[{"embeddable":true,"href":"https:\/\/vicerrectorias.utp.edu.co\/responsabilidad-social\/wp-json\/wp\/v2\/users\/30"}],"replies":[{"embeddable":true,"href":"https:\/\/vicerrectorias.utp.edu.co\/responsabilidad-social\/wp-json\/wp\/v2\/comments?post=64258"}],"version-history":[{"count":2,"href":"https:\/\/vicerrectorias.utp.edu.co\/responsabilidad-social\/wp-json\/wp\/v2\/posts\/64258\/revisions"}],"predecessor-version":[{"id":64275,"href":"https:\/\/vicerrectorias.utp.edu.co\/responsabilidad-social\/wp-json\/wp\/v2\/posts\/64258\/revisions\/64275"}],"wp:featuredmedia":[{"embeddable":true,"href":"https:\/\/vicerrectorias.utp.edu.co\/responsabilidad-social\/wp-json\/wp\/v2\/media\/64261"}],"wp:attachment":[{"href":"https:\/\/vicerrectorias.utp.edu.co\/responsabilidad-social\/wp-json\/wp\/v2\/media?parent=64258"}],"wp:term":[{"taxonomy":"category","embeddable":true,"href":"https:\/\/vicerrectorias.utp.edu.co\/responsabilidad-social\/wp-json\/wp\/v2\/categories?post=64258"},{"taxonomy":"post_tag","embeddable":true,"href":"https:\/\/vicerrectorias.utp.edu.co\/responsabilidad-social\/wp-json\/wp\/v2\/tags?post=64258"}],"curies":[{"name":"wp","href":"https:\/\/api.w.org\/{rel}","templated":true}]}}