{"id":64252,"date":"2025-09-29T14:42:07","date_gmt":"2025-09-29T12:42:07","guid":{"rendered":"https:\/\/vicerrectorias.utp.edu.co\/responsabilidad-social\/?p=64252"},"modified":"2025-09-29T16:31:08","modified_gmt":"2025-09-29T14:31:08","slug":"territorios-que-suman-sostenibilidad-un-espacio-para-fortalecer-el-desarrollo-sostenible-desde-la-region","status":"publish","type":"post","link":"https:\/\/vicerrectorias.utp.edu.co\/responsabilidad-social\/territorios-que-suman-sostenibilidad-un-espacio-para-fortalecer-el-desarrollo-sostenible-desde-la-region\/","title":{"rendered":"Territorios que Suman Sostenibilidad: un espacio para fortalecer el desarrollo sostenible desde la regi\u00f3n"},"content":{"rendered":"\n<p><span class=\"post-content__span\"> El pasado\u00a0<strong>25 de septiembre de 2025<\/strong>, la\u00a0<strong>Universidad Tecnol\u00f3gica de Pereira<\/strong>\u00a0fue escenario del evento\u00a0<strong>\u201cTerritorios que Suman Sostenibilidad\u201d<\/strong>, una jornada que reuni\u00f3 a l\u00edderes empresariales, acad\u00e9micos y representantes de organizaciones de la regi\u00f3n, con el prop\u00f3sito de compartir experiencias, visibilizar buenas pr\u00e1cticas e impulsar acciones alineadas con los\u00a0<strong>Objetivos de Desarrollo Sostenible (ODS)<\/strong>.<\/p>\n\n\n\n<p><span class=\"post-content__span\"> La apertura estuvo a cargo de la\u00a0<strong>Vicerectora en Responsabilidad Social y Bienestar Universitario, Yetsika Natalia Villa Montes<\/strong>, junto a\u00a0<strong>Mauricio L\u00f3pez Gonz\u00e1lez<\/strong>, Director Ejecutivo de Pacto Global Red Colombia, quienes destacaron la importancia de articular esfuerzos entre la academia, la empresa y la sociedad para construir territorios m\u00e1s sostenibles.<\/p>\n\n\n\n<p><span class=\"post-content__span\"> Durante la jornada se desarrollaron conferencias y conversatorios en torno a tres ejes fundamentales:<\/p>\n\n\n\n<p><span class=\"post-content__span\"> \u2022&nbsp;<strong>Construyendo Territorios con Igualdad:<\/strong>&nbsp;voces de mujeres l\u00edderes como&nbsp;<strong>Marcela Berrio Alzate (Berhlan de Colombia)<\/strong>,&nbsp;<strong>Cecilia Luca Escobar Vekeman (UTP)<\/strong>&nbsp;y&nbsp;<strong>Paula Andrea Fl\u00f3rez Vel\u00e1squez (Audifarma)<\/strong>&nbsp;resaltaron el papel de la equidad y la inclusi\u00f3n como motores de transformaci\u00f3n social y organizacional.<\/p>\n\n\n\n<p><span class=\"post-content__span\"> \u2022&nbsp;<strong>Empresas que Transforman: Acciones Ambientales desde la Regi\u00f3n:<\/strong>&nbsp;representantes de organizaciones como&nbsp;<strong>Frisby S.A., Suzuki Motor de Colombia, CAMPOSOL Colombia<\/strong>&nbsp;y la&nbsp;<strong>Universidad Cat\u00f3lica de Pereira<\/strong>, compartieron estrategias de sostenibilidad que generan impactos positivos en el medio ambiente y las comunidades.<\/p>\n\n\n\n<p><span class=\"post-content__span\"> \u2022&nbsp;<strong>Empresas que Transforman Recursos: Innovaci\u00f3n para un Futuro Sostenible:<\/strong>&nbsp;se presentaron experiencias de la&nbsp;<strong>Central Hidroel\u00e9ctrica de Caldas (CHEC)<\/strong>,&nbsp;<strong>EFIGAS<\/strong>&nbsp;y&nbsp;<strong>ASEMTUR<\/strong>, enfocadas en innovaci\u00f3n, eficiencia de recursos y econom\u00eda circular.<\/p>\n\n\n\n<p><span class=\"post-content__span\"> El cierre estuvo a cargo de&nbsp;<strong>Natalia Ardila Rizo<\/strong>, Punto Focal en Pacto Global Red Colombia, con la conferencia&nbsp;<em>\u201cAvanzando m\u00e1s r\u00e1pido hacia territorios sostenibles\u201d<\/em>, que invit\u00f3 a acelerar el compromiso colectivo frente a los desaf\u00edos ambientales y sociales de la regi\u00f3n.<\/p>\n\n\n\n<p><span class=\"post-content__span\"> El evento fue organizado por la&nbsp;<strong>UTP<\/strong>, en alianza con&nbsp;<strong>Pacto Global Red Colombia, MBA Gesti\u00f3n de Riesgos<\/strong>&nbsp;y la&nbsp;<strong>Fundaci\u00f3n Universitaria del \u00c1rea Andina<\/strong>, consolid\u00e1ndose como un espacio de di\u00e1logo y articulaci\u00f3n que refuerza el compromiso institucional con la construcci\u00f3n de un futuro m\u00e1s equitativo, pr\u00f3spero y sostenible.<\/p>\n\n\n\n<figure class=\"wp-block-image size-large\"><img loading=\"lazy\" decoding=\"async\" width=\"683\" height=\"1024\" src=\"https:\/\/vicerrectorias.utp.edu.co\/responsabilidad-social\/wp-content\/uploads\/sites\/12\/DSC05717-683x1024.jpeg\" alt=\"\" class=\"wp-image-64253\" srcset=\"https:\/\/vicerrectorias.utp.edu.co\/responsabilidad-social\/wp-content\/uploads\/sites\/12\/DSC05717-683x1024.jpeg 683w, https:\/\/vicerrectorias.utp.edu.co\/responsabilidad-social\/wp-content\/uploads\/sites\/12\/DSC05717-200x300.jpeg 200w, https:\/\/vicerrectorias.utp.edu.co\/responsabilidad-social\/wp-content\/uploads\/sites\/12\/DSC05717-768x1152.jpeg 768w, https:\/\/vicerrectorias.utp.edu.co\/responsabilidad-social\/wp-content\/uploads\/sites\/12\/DSC05717-1024x1536.jpeg 1024w, https:\/\/vicerrectorias.utp.edu.co\/responsabilidad-social\/wp-content\/uploads\/sites\/12\/DSC05717-1365x2048.jpeg 1365w, https:\/\/vicerrectorias.utp.edu.co\/responsabilidad-social\/wp-content\/uploads\/sites\/12\/DSC05717-scaled.jpeg 1707w\" sizes=\"auto, (max-width: 683px) 100vw, 683px\" \/><\/figure>\n","protected":false},"excerpt":{"rendered":"<p>El pasado\u00a025 de septiembre de 2025, la\u00a0Universidad Tecnol\u00f3gica de Pereira\u00a0fue escenario del evento\u00a0\u201cTerritorios que Suman Sostenibilidad\u201d, una jornada que reuni\u00f3 [&hellip;]<\/p>\n","protected":false},"author":30,"featured_media":64255,"comment_status":"open","ping_status":"open","sticky":false,"template":"","format":"standard","meta":{"footnotes":""},"categories":[3],"tags":[],"class_list":["post-64252","post","type-post","status-publish","format-standard","has-post-thumbnail","hentry","category-noticias"],"_links":{"self":[{"href":"https:\/\/vicerrectorias.utp.edu.co\/responsabilidad-social\/wp-json\/wp\/v2\/posts\/64252","targetHints":{"allow":["GET"]}}],"collection":[{"href":"https:\/\/vicerrectorias.utp.edu.co\/responsabilidad-social\/wp-json\/wp\/v2\/posts"}],"about":[{"href":"https:\/\/vicerrectorias.utp.edu.co\/responsabilidad-social\/wp-json\/wp\/v2\/types\/post"}],"author":[{"embeddable":true,"href":"https:\/\/vicerrectorias.utp.edu.co\/responsabilidad-social\/wp-json\/wp\/v2\/users\/30"}],"replies":[{"embeddable":true,"href":"https:\/\/vicerrectorias.utp.edu.co\/responsabilidad-social\/wp-json\/wp\/v2\/comments?post=64252"}],"version-history":[{"count":2,"href":"https:\/\/vicerrectorias.utp.edu.co\/responsabilidad-social\/wp-json\/wp\/v2\/posts\/64252\/revisions"}],"predecessor-version":[{"id":64257,"href":"https:\/\/vicerrectorias.utp.edu.co\/responsabilidad-social\/wp-json\/wp\/v2\/posts\/64252\/revisions\/64257"}],"wp:featuredmedia":[{"embeddable":true,"href":"https:\/\/vicerrectorias.utp.edu.co\/responsabilidad-social\/wp-json\/wp\/v2\/media\/64255"}],"wp:attachment":[{"href":"https:\/\/vicerrectorias.utp.edu.co\/responsabilidad-social\/wp-json\/wp\/v2\/media?parent=64252"}],"wp:term":[{"taxonomy":"category","embeddable":true,"href":"https:\/\/vicerrectorias.utp.edu.co\/responsabilidad-social\/wp-json\/wp\/v2\/categories?post=64252"},{"taxonomy":"post_tag","embeddable":true,"href":"https:\/\/vicerrectorias.utp.edu.co\/responsabilidad-social\/wp-json\/wp\/v2\/tags?post=64252"}],"curies":[{"name":"wp","href":"https:\/\/api.w.org\/{rel}","templated":true}]}}