{"id":64248,"date":"2025-09-24T03:27:31","date_gmt":"2025-09-24T01:27:31","guid":{"rendered":"https:\/\/vicerrectorias.utp.edu.co\/responsabilidad-social\/?p=64248"},"modified":"2025-09-24T03:31:55","modified_gmt":"2025-09-24T01:31:55","slug":"dia-del-estudiante-afro-en-la-utp","status":"publish","type":"post","link":"https:\/\/vicerrectorias.utp.edu.co\/responsabilidad-social\/dia-del-estudiante-afro-en-la-utp\/","title":{"rendered":"D\u00eda del Estudiante Afro en la UTP"},"content":{"rendered":"\n<figure class=\"wp-block-image size-large\"><img loading=\"lazy\" decoding=\"async\" width=\"819\" height=\"1024\" src=\"https:\/\/vicerrectorias.utp.edu.co\/responsabilidad-social\/wp-content\/uploads\/sites\/12\/54136d98-6d6a-4b57-ac0f-1650e918b28d-819x1024.jpeg\" alt=\"\" class=\"wp-image-64249\" srcset=\"https:\/\/vicerrectorias.utp.edu.co\/responsabilidad-social\/wp-content\/uploads\/sites\/12\/54136d98-6d6a-4b57-ac0f-1650e918b28d-819x1024.jpeg 819w, https:\/\/vicerrectorias.utp.edu.co\/responsabilidad-social\/wp-content\/uploads\/sites\/12\/54136d98-6d6a-4b57-ac0f-1650e918b28d-240x300.jpeg 240w, https:\/\/vicerrectorias.utp.edu.co\/responsabilidad-social\/wp-content\/uploads\/sites\/12\/54136d98-6d6a-4b57-ac0f-1650e918b28d-768x960.jpeg 768w, https:\/\/vicerrectorias.utp.edu.co\/responsabilidad-social\/wp-content\/uploads\/sites\/12\/54136d98-6d6a-4b57-ac0f-1650e918b28d.jpeg 1080w\" sizes=\"auto, (max-width: 819px) 100vw, 819px\" \/><\/figure>\n\n\n\n<p><span class=\"post-content__span\"> En el marco de la tercera edici\u00f3n del D\u00eda del Estudiante Afro en la UTP, la Mesa Afro en representaci\u00f3n de los estudiantes negros, afrocolombianos, raizales y palenqueros de la Universidad Tecnol\u00f3gica de Pereira, se dirige a ustedes con el fin de invitarles a participar de esta conmemoraci\u00f3n, que se llevar\u00e1 a cabo el d\u00eda viernes 26 de septiembre, de 2:00 p.m. a 10:00 p.m. en la UTP.<\/p>\n","protected":false},"excerpt":{"rendered":"<p>En el marco de la tercera edici\u00f3n del D\u00eda del Estudiante Afro en la UTP, la Mesa Afro en representaci\u00f3n [&hellip;]<\/p>\n","protected":false},"author":30,"featured_media":64249,"comment_status":"open","ping_status":"open","sticky":false,"template":"","format":"standard","meta":{"footnotes":""},"categories":[3],"tags":[],"class_list":["post-64248","post","type-post","status-publish","format-standard","has-post-thumbnail","hentry","category-noticias"],"_links":{"self":[{"href":"https:\/\/vicerrectorias.utp.edu.co\/responsabilidad-social\/wp-json\/wp\/v2\/posts\/64248","targetHints":{"allow":["GET"]}}],"collection":[{"href":"https:\/\/vicerrectorias.utp.edu.co\/responsabilidad-social\/wp-json\/wp\/v2\/posts"}],"about":[{"href":"https:\/\/vicerrectorias.utp.edu.co\/responsabilidad-social\/wp-json\/wp\/v2\/types\/post"}],"author":[{"embeddable":true,"href":"https:\/\/vicerrectorias.utp.edu.co\/responsabilidad-social\/wp-json\/wp\/v2\/users\/30"}],"replies":[{"embeddable":true,"href":"https:\/\/vicerrectorias.utp.edu.co\/responsabilidad-social\/wp-json\/wp\/v2\/comments?post=64248"}],"version-history":[{"count":1,"href":"https:\/\/vicerrectorias.utp.edu.co\/responsabilidad-social\/wp-json\/wp\/v2\/posts\/64248\/revisions"}],"predecessor-version":[{"id":64250,"href":"https:\/\/vicerrectorias.utp.edu.co\/responsabilidad-social\/wp-json\/wp\/v2\/posts\/64248\/revisions\/64250"}],"wp:featuredmedia":[{"embeddable":true,"href":"https:\/\/vicerrectorias.utp.edu.co\/responsabilidad-social\/wp-json\/wp\/v2\/media\/64249"}],"wp:attachment":[{"href":"https:\/\/vicerrectorias.utp.edu.co\/responsabilidad-social\/wp-json\/wp\/v2\/media?parent=64248"}],"wp:term":[{"taxonomy":"category","embeddable":true,"href":"https:\/\/vicerrectorias.utp.edu.co\/responsabilidad-social\/wp-json\/wp\/v2\/categories?post=64248"},{"taxonomy":"post_tag","embeddable":true,"href":"https:\/\/vicerrectorias.utp.edu.co\/responsabilidad-social\/wp-json\/wp\/v2\/tags?post=64248"}],"curies":[{"name":"wp","href":"https:\/\/api.w.org\/{rel}","templated":true}]}}