{"id":6421,"date":"2019-10-15T11:45:40","date_gmt":"2019-10-15T09:45:40","guid":{"rendered":""},"modified":"2024-08-20T08:06:55","modified_gmt":"2024-08-20T06:06:55","slug":"ganadores-de-las-olimpiadas-de-integrales-utp-2019","status":"publish","type":"post","link":"https:\/\/vicerrectorias.utp.edu.co\/responsabilidad-social\/ganadores-de-las-olimpiadas-de-integrales-utp-2019\/","title":{"rendered":"Ganadores de las Olimpiadas de Integrales UTP-2019"},"content":{"rendered":"\n<p><span class=\"post-content__span\"> Ganadores de las Olimpiadas de Integrales UTP-2019<\/p>\n\n\n\n<p><span class=\"post-content__span\"> <img decoding=\"async\" src=\"https:\/\/comunicaciones.utp.edu.co\/wp-content\/uploads\/sites\/2\/Olimpiadas-matematicas-2019-ganadores.jpg\">El d\u00eda 14 de septiembre de 2019 se realiz\u00f3 la final de las Olimpiadas de Integrales UTP-2019, siendo los ganadores 1\u00b0 puesto el estudiante Sim\u00f3n Sep\u00falveda (Ing. El\u00e9ctrica) y en el 2\u00b0 puesto para Reider Bravo (Licen. Matem\u00e1ticas).<\/p>\n\n\n\n<p><span class=\"post-content__span\"> El Departamento de Matem\u00e1ticas agradece a la Vicerrector\u00eda de Responsabilidad Social, Dra. Diana G\u00f3mez, por el apoyo a estas actividades de car\u00e1cter acad\u00e9mico y recreativo.&nbsp; &nbsp;Los ganadores est\u00e1n en preparaci\u00f3n bajo la direcci\u00f3n del profesor Fernando Vald\u00e9s M. para participar en el concurso de integrales a nivel nacional que se realizar\u00e1 en la ciudad de Medell\u00edn el 21 de octubre del 2019.<\/p>\n","protected":false},"excerpt":{"rendered":"<p>Ganadores de las Olimpiadas de Integrales UTP-2019 El d\u00eda 14 de septiembre de 2019 se realiz\u00f3 la final de las [&hellip;]<\/p>\n","protected":false},"author":0,"featured_media":60483,"comment_status":"closed","ping_status":"closed","sticky":false,"template":"","format":"standard","meta":{"footnotes":""},"categories":[3],"tags":[],"class_list":["post-6421","post","type-post","status-publish","format-standard","has-post-thumbnail","hentry","category-noticias"],"_links":{"self":[{"href":"https:\/\/vicerrectorias.utp.edu.co\/responsabilidad-social\/wp-json\/wp\/v2\/posts\/6421","targetHints":{"allow":["GET"]}}],"collection":[{"href":"https:\/\/vicerrectorias.utp.edu.co\/responsabilidad-social\/wp-json\/wp\/v2\/posts"}],"about":[{"href":"https:\/\/vicerrectorias.utp.edu.co\/responsabilidad-social\/wp-json\/wp\/v2\/types\/post"}],"replies":[{"embeddable":true,"href":"https:\/\/vicerrectorias.utp.edu.co\/responsabilidad-social\/wp-json\/wp\/v2\/comments?post=6421"}],"version-history":[{"count":2,"href":"https:\/\/vicerrectorias.utp.edu.co\/responsabilidad-social\/wp-json\/wp\/v2\/posts\/6421\/revisions"}],"predecessor-version":[{"id":61069,"href":"https:\/\/vicerrectorias.utp.edu.co\/responsabilidad-social\/wp-json\/wp\/v2\/posts\/6421\/revisions\/61069"}],"wp:featuredmedia":[{"embeddable":true,"href":"https:\/\/vicerrectorias.utp.edu.co\/responsabilidad-social\/wp-json\/wp\/v2\/media\/60483"}],"wp:attachment":[{"href":"https:\/\/vicerrectorias.utp.edu.co\/responsabilidad-social\/wp-json\/wp\/v2\/media?parent=6421"}],"wp:term":[{"taxonomy":"category","embeddable":true,"href":"https:\/\/vicerrectorias.utp.edu.co\/responsabilidad-social\/wp-json\/wp\/v2\/categories?post=6421"},{"taxonomy":"post_tag","embeddable":true,"href":"https:\/\/vicerrectorias.utp.edu.co\/responsabilidad-social\/wp-json\/wp\/v2\/tags?post=6421"}],"curies":[{"name":"wp","href":"https:\/\/api.w.org\/{rel}","templated":true}]}}