{"id":64209,"date":"2025-09-15T22:17:04","date_gmt":"2025-09-15T20:17:04","guid":{"rendered":"https:\/\/vicerrectorias.utp.edu.co\/responsabilidad-social\/?p=64209"},"modified":"2025-09-15T22:19:29","modified_gmt":"2025-09-15T20:19:29","slug":"utepitos-se-sumerge-en-nuevas-experiencias","status":"publish","type":"post","link":"https:\/\/vicerrectorias.utp.edu.co\/responsabilidad-social\/utepitos-se-sumerge-en-nuevas-experiencias\/","title":{"rendered":"UTEPITOS\u00a0 se sumerge en nuevas experiencias"},"content":{"rendered":"\n<p><span class=\"post-content__span\"> A partir del segundo semestre de 2025, Casita Utepitos inici\u00f3 un valioso acuerdo con el programa de Ciencias del Deporte y la Recreaci\u00f3n de la UTP, con el apoyo del profesional Jefferson Bola\u00f1os y el profesor Jos\u00e9 David Castro<\/p>\n\n\n\n<p><span class=\"post-content__span\"> Gracias a este trabajo conjunto, se desarrollan 8 sesiones de apoyo pedag\u00f3gico en nataci\u00f3n, lideradas por los practicantes de tercer semestre del programa, dirigidas a los ni\u00f1os y ni\u00f1as de 3 a 5 a\u00f1os, pertenecientes a las salas de Jard\u00edn y Prejard\u00edn.<\/p>\n\n\n\n<p><span class=\"post-content__span\"> La iniciativa ha contado con una aceptaci\u00f3n del 96% de padres, madres y acudientes, quienes respaldan esta oportunidad de aprendizaje para sus hijos.<\/p>\n\n\n\n<p><span class=\"post-content__span\"> El pasado lunes 8 de septiembre, como parte de los siete lunes consecutivos programados en el semestre, los peque\u00f1os disfrutaron de la experiencia en el agua, fortaleciendo su seguridad, confianza y capacidad de resolver situaciones. Adem\u00e1s, cada clase les reta a descubrir nuevas habilidades para la vida, mientras valoran su propio cuerpo en un ambiente l\u00fadico y protector.<\/p>\n\n\n\n<p><span class=\"post-content__span\"> Este proceso beneficia a los ni\u00f1os y ni\u00f1as y tambi\u00e9n reconoce el compromiso de los estudiantes de la UTP, quienes participan activamente bajo el acompa\u00f1amiento del profesor de practica.<\/p>\n\n\n\n<p><span class=\"post-content__span\"> Con la invitaci\u00f3n a ser participantes del FESTIVAL DE AGUA Evento en el cual los estudiantes de la c\u00e1tedra de atenci\u00f3n III semestre, ponen en pr\u00e1ctica todas las herramientas aprendidas durante el desarrollo de la materia.<\/p>\n\n\n\n<div style=\"height:30px\" aria-hidden=\"true\" class=\"wp-block-spacer\"><\/div>\n\n\n\n<hr class=\"wp-block-separator has-alpha-channel-opacity\" \/>\n\n\n\n<div style=\"height:30px\" aria-hidden=\"true\" class=\"wp-block-spacer\"><\/div>\n\n\n<div class=\"wp-block-image\">\n<figure class=\"aligncenter size-large\"><img loading=\"lazy\" decoding=\"async\" width=\"1024\" height=\"768\" src=\"https:\/\/vicerrectorias.utp.edu.co\/responsabilidad-social\/wp-content\/uploads\/sites\/12\/WhatsApp-Image-2025-09-09-at-6.08.33-PM-1024x768.jpeg\" alt=\"\" class=\"wp-image-64210\" srcset=\"https:\/\/vicerrectorias.utp.edu.co\/responsabilidad-social\/wp-content\/uploads\/sites\/12\/WhatsApp-Image-2025-09-09-at-6.08.33-PM-1024x768.jpeg 1024w, https:\/\/vicerrectorias.utp.edu.co\/responsabilidad-social\/wp-content\/uploads\/sites\/12\/WhatsApp-Image-2025-09-09-at-6.08.33-PM-300x225.jpeg 300w, https:\/\/vicerrectorias.utp.edu.co\/responsabilidad-social\/wp-content\/uploads\/sites\/12\/WhatsApp-Image-2025-09-09-at-6.08.33-PM-768x576.jpeg 768w, https:\/\/vicerrectorias.utp.edu.co\/responsabilidad-social\/wp-content\/uploads\/sites\/12\/WhatsApp-Image-2025-09-09-at-6.08.33-PM-1536x1152.jpeg 1536w, https:\/\/vicerrectorias.utp.edu.co\/responsabilidad-social\/wp-content\/uploads\/sites\/12\/WhatsApp-Image-2025-09-09-at-6.08.33-PM.jpeg 1600w\" sizes=\"auto, (max-width: 1024px) 100vw, 1024px\" \/><\/figure>\n<\/div>\n\n\n<div style=\"height:20px\" aria-hidden=\"true\" class=\"wp-block-spacer\"><\/div>\n\n\n<div class=\"wp-block-image\">\n<figure class=\"aligncenter size-large\"><img loading=\"lazy\" decoding=\"async\" width=\"1024\" height=\"768\" src=\"https:\/\/vicerrectorias.utp.edu.co\/responsabilidad-social\/wp-content\/uploads\/sites\/12\/WhatsApp-Image-2025-09-12-at-10.52.27-AM-1024x768.jpeg\" alt=\"\" class=\"wp-image-64211\" srcset=\"https:\/\/vicerrectorias.utp.edu.co\/responsabilidad-social\/wp-content\/uploads\/sites\/12\/WhatsApp-Image-2025-09-12-at-10.52.27-AM-1024x768.jpeg 1024w, https:\/\/vicerrectorias.utp.edu.co\/responsabilidad-social\/wp-content\/uploads\/sites\/12\/WhatsApp-Image-2025-09-12-at-10.52.27-AM-300x225.jpeg 300w, https:\/\/vicerrectorias.utp.edu.co\/responsabilidad-social\/wp-content\/uploads\/sites\/12\/WhatsApp-Image-2025-09-12-at-10.52.27-AM-768x576.jpeg 768w, https:\/\/vicerrectorias.utp.edu.co\/responsabilidad-social\/wp-content\/uploads\/sites\/12\/WhatsApp-Image-2025-09-12-at-10.52.27-AM.jpeg 1280w\" sizes=\"auto, (max-width: 1024px) 100vw, 1024px\" \/><\/figure>\n<\/div>\n\n\n<div style=\"height:21px\" aria-hidden=\"true\" class=\"wp-block-spacer\"><\/div>\n\n\n<div class=\"wp-block-image\">\n<figure class=\"aligncenter size-large\"><img loading=\"lazy\" decoding=\"async\" width=\"1024\" height=\"768\" src=\"https:\/\/vicerrectorias.utp.edu.co\/responsabilidad-social\/wp-content\/uploads\/sites\/12\/WhatsApp-Image-2025-09-09-at-10.48.39-AM-1024x768.jpeg\" alt=\"\" class=\"wp-image-64212\" srcset=\"https:\/\/vicerrectorias.utp.edu.co\/responsabilidad-social\/wp-content\/uploads\/sites\/12\/WhatsApp-Image-2025-09-09-at-10.48.39-AM-1024x768.jpeg 1024w, https:\/\/vicerrectorias.utp.edu.co\/responsabilidad-social\/wp-content\/uploads\/sites\/12\/WhatsApp-Image-2025-09-09-at-10.48.39-AM-300x225.jpeg 300w, https:\/\/vicerrectorias.utp.edu.co\/responsabilidad-social\/wp-content\/uploads\/sites\/12\/WhatsApp-Image-2025-09-09-at-10.48.39-AM-768x576.jpeg 768w, https:\/\/vicerrectorias.utp.edu.co\/responsabilidad-social\/wp-content\/uploads\/sites\/12\/WhatsApp-Image-2025-09-09-at-10.48.39-AM.jpeg 1280w\" sizes=\"auto, (max-width: 1024px) 100vw, 1024px\" \/><\/figure>\n<\/div>\n\n\n<div style=\"height:20px\" aria-hidden=\"true\" class=\"wp-block-spacer\"><\/div>\n\n\n<div class=\"wp-block-image\">\n<figure class=\"aligncenter size-large\"><img loading=\"lazy\" decoding=\"async\" width=\"1024\" height=\"768\" src=\"https:\/\/vicerrectorias.utp.edu.co\/responsabilidad-social\/wp-content\/uploads\/sites\/12\/WhatsApp-Image-2025-09-12-at-10.52.08-AM-1024x768.jpeg\" alt=\"\" class=\"wp-image-64213\" srcset=\"https:\/\/vicerrectorias.utp.edu.co\/responsabilidad-social\/wp-content\/uploads\/sites\/12\/WhatsApp-Image-2025-09-12-at-10.52.08-AM-1024x768.jpeg 1024w, https:\/\/vicerrectorias.utp.edu.co\/responsabilidad-social\/wp-content\/uploads\/sites\/12\/WhatsApp-Image-2025-09-12-at-10.52.08-AM-300x225.jpeg 300w, https:\/\/vicerrectorias.utp.edu.co\/responsabilidad-social\/wp-content\/uploads\/sites\/12\/WhatsApp-Image-2025-09-12-at-10.52.08-AM-768x576.jpeg 768w, https:\/\/vicerrectorias.utp.edu.co\/responsabilidad-social\/wp-content\/uploads\/sites\/12\/WhatsApp-Image-2025-09-12-at-10.52.08-AM.jpeg 1280w\" sizes=\"auto, (max-width: 1024px) 100vw, 1024px\" \/><\/figure>\n<\/div>\n\n\n<div style=\"height:20px\" aria-hidden=\"true\" class=\"wp-block-spacer\"><\/div>\n\n\n\n<figure class=\"wp-block-video aligncenter\"><video height=\"480\" style=\"aspect-ratio: 848 \/ 480;\" width=\"848\" controls src=\"https:\/\/vicerrectorias.utp.edu.co\/responsabilidad-social\/wp-content\/uploads\/sites\/12\/Video-UTEPITOS.mp4\"><\/video><\/figure>\n\n\n\n<div style=\"height:20px\" aria-hidden=\"true\" class=\"wp-block-spacer\"><\/div>\n\n\n\n<figure class=\"wp-block-video aligncenter\"><video height=\"480\" style=\"aspect-ratio: 848 \/ 480;\" width=\"848\" controls src=\"https:\/\/vicerrectorias.utp.edu.co\/responsabilidad-social\/wp-content\/uploads\/sites\/12\/WhatsApp-Video-2025-09-12-at-10.52.53-AM.mp4\"><\/video><\/figure>\n\n\n\n<div style=\"height:20px\" aria-hidden=\"true\" class=\"wp-block-spacer\"><\/div>\n\n\n\n<hr class=\"wp-block-separator has-alpha-channel-opacity\" \/>\n\n\n\n<div style=\"height:10px\" aria-hidden=\"true\" class=\"wp-block-spacer\"><\/div>\n\n\n\n<div class=\"wp-block-buttons is-content-justification-center is-layout-flex wp-container-core-buttons-is-layout-16018d1d wp-block-buttons-is-layout-flex\">\n<div class=\"wp-block-button\"><a class=\"wp-block-button__link has-luminous-dusk-gradient-background has-background wp-element-button\" href=\"https:\/\/www.instagram.com\/bienestarutp\/?hl=es\"><img loading=\"lazy\" decoding=\"async\" width=\"250\" height=\"250\" class=\"wp-image-61599\" style=\"width: 30px\" src=\"https:\/\/vicerrectorias.utp.edu.co\/responsabilidad-social\/wp-content\/uploads\/sites\/12\/Instagram_logo_2022.svg_-3.png\" alt=\"\" srcset=\"https:\/\/vicerrectorias.utp.edu.co\/responsabilidad-social\/wp-content\/uploads\/sites\/12\/Instagram_logo_2022.svg_-3.png 250w, https:\/\/vicerrectorias.utp.edu.co\/responsabilidad-social\/wp-content\/uploads\/sites\/12\/Instagram_logo_2022.svg_-3-150x150.png 150w\" sizes=\"auto, (max-width: 250px) 100vw, 250px\" \/><\/a><\/div>\n\n\n\n<div class=\"wp-block-button\"><a class=\"wp-block-button__link has-vivid-cyan-blue-background-color has-background wp-element-button\" href=\"https:\/\/www.facebook.com\/UTPresponsable?locale=es_LA\"><img loading=\"lazy\" decoding=\"async\" width=\"1280\" height=\"1280\" class=\"wp-image-61600\" style=\"width: 30px\" src=\"https:\/\/vicerrectorias.utp.edu.co\/responsabilidad-social\/wp-content\/uploads\/sites\/12\/facebook-6338507_1280-3.webp\" alt=\"\" srcset=\"https:\/\/vicerrectorias.utp.edu.co\/responsabilidad-social\/wp-content\/uploads\/sites\/12\/facebook-6338507_1280-3.webp 1280w, https:\/\/vicerrectorias.utp.edu.co\/responsabilidad-social\/wp-content\/uploads\/sites\/12\/facebook-6338507_1280-3-300x300.webp 300w, https:\/\/vicerrectorias.utp.edu.co\/responsabilidad-social\/wp-content\/uploads\/sites\/12\/facebook-6338507_1280-3-1024x1024.webp 1024w, https:\/\/vicerrectorias.utp.edu.co\/responsabilidad-social\/wp-content\/uploads\/sites\/12\/facebook-6338507_1280-3-150x150.webp 150w, https:\/\/vicerrectorias.utp.edu.co\/responsabilidad-social\/wp-content\/uploads\/sites\/12\/facebook-6338507_1280-3-768x768.webp 768w\" sizes=\"auto, (max-width: 1280px) 100vw, 1280px\" \/><\/a><\/div>\n\n\n\n<div class=\"wp-block-button\"><a class=\"wp-block-button__link has-black-background-color has-background wp-element-button\" href=\"https:\/\/open.spotify.com\/show\/1TbIZzsXs5yPvRtepjrZFS?si=96b6ac86d204468f\"><img loading=\"lazy\" decoding=\"async\" width=\"225\" height=\"225\" class=\"wp-image-62097\" style=\"width: 30px\" src=\"https:\/\/vicerrectorias.utp.edu.co\/responsabilidad-social\/wp-content\/uploads\/sites\/12\/spotify.png.1.png\" alt=\"\" srcset=\"https:\/\/vicerrectorias.utp.edu.co\/responsabilidad-social\/wp-content\/uploads\/sites\/12\/spotify.png.1.png 225w, https:\/\/vicerrectorias.utp.edu.co\/responsabilidad-social\/wp-content\/uploads\/sites\/12\/spotify.png.1-150x150.png 150w\" sizes=\"auto, (max-width: 225px) 100vw, 225px\" \/><\/a><\/div>\n\n\n\n<div class=\"wp-block-button\"><a class=\"wp-block-button__link has-black-background-color has-background wp-element-button\" href=\"https:\/\/www.tiktok.com\/@viveelbienestar\"><img loading=\"lazy\" decoding=\"async\" width=\"512\" height=\"512\" class=\"wp-image-62095\" style=\"width: 30px\" src=\"https:\/\/vicerrectorias.utp.edu.co\/responsabilidad-social\/wp-content\/uploads\/sites\/12\/tiktok.png\" alt=\"\" srcset=\"https:\/\/vicerrectorias.utp.edu.co\/responsabilidad-social\/wp-content\/uploads\/sites\/12\/tiktok.png 512w, https:\/\/vicerrectorias.utp.edu.co\/responsabilidad-social\/wp-content\/uploads\/sites\/12\/tiktok-300x300.png 300w, https:\/\/vicerrectorias.utp.edu.co\/responsabilidad-social\/wp-content\/uploads\/sites\/12\/tiktok-150x150.png 150w\" sizes=\"auto, (max-width: 512px) 100vw, 512px\" \/><\/a><\/div>\n<\/div>\n\n\n\n<p><span class=\"post-content__span\"> <\/p>\n","protected":false},"excerpt":{"rendered":"<p>A partir del segundo semestre de 2025, Casita Utepitos inici\u00f3 un valioso acuerdo con el programa de Ciencias del Deporte [&hellip;]<\/p>\n","protected":false},"author":21,"featured_media":64213,"comment_status":"open","ping_status":"open","sticky":false,"template":"","format":"standard","meta":{"footnotes":""},"categories":[3],"tags":[],"class_list":["post-64209","post","type-post","status-publish","format-standard","has-post-thumbnail","hentry","category-noticias"],"_links":{"self":[{"href":"https:\/\/vicerrectorias.utp.edu.co\/responsabilidad-social\/wp-json\/wp\/v2\/posts\/64209","targetHints":{"allow":["GET"]}}],"collection":[{"href":"https:\/\/vicerrectorias.utp.edu.co\/responsabilidad-social\/wp-json\/wp\/v2\/posts"}],"about":[{"href":"https:\/\/vicerrectorias.utp.edu.co\/responsabilidad-social\/wp-json\/wp\/v2\/types\/post"}],"author":[{"embeddable":true,"href":"https:\/\/vicerrectorias.utp.edu.co\/responsabilidad-social\/wp-json\/wp\/v2\/users\/21"}],"replies":[{"embeddable":true,"href":"https:\/\/vicerrectorias.utp.edu.co\/responsabilidad-social\/wp-json\/wp\/v2\/comments?post=64209"}],"version-history":[{"count":4,"href":"https:\/\/vicerrectorias.utp.edu.co\/responsabilidad-social\/wp-json\/wp\/v2\/posts\/64209\/revisions"}],"predecessor-version":[{"id":64219,"href":"https:\/\/vicerrectorias.utp.edu.co\/responsabilidad-social\/wp-json\/wp\/v2\/posts\/64209\/revisions\/64219"}],"wp:featuredmedia":[{"embeddable":true,"href":"https:\/\/vicerrectorias.utp.edu.co\/responsabilidad-social\/wp-json\/wp\/v2\/media\/64213"}],"wp:attachment":[{"href":"https:\/\/vicerrectorias.utp.edu.co\/responsabilidad-social\/wp-json\/wp\/v2\/media?parent=64209"}],"wp:term":[{"taxonomy":"category","embeddable":true,"href":"https:\/\/vicerrectorias.utp.edu.co\/responsabilidad-social\/wp-json\/wp\/v2\/categories?post=64209"},{"taxonomy":"post_tag","embeddable":true,"href":"https:\/\/vicerrectorias.utp.edu.co\/responsabilidad-social\/wp-json\/wp\/v2\/tags?post=64209"}],"curies":[{"name":"wp","href":"https:\/\/api.w.org\/{rel}","templated":true}]}}