{"id":64205,"date":"2025-09-11T21:37:38","date_gmt":"2025-09-11T19:37:38","guid":{"rendered":"https:\/\/vicerrectorias.utp.edu.co\/responsabilidad-social\/?p=64205"},"modified":"2025-09-11T21:43:06","modified_gmt":"2025-09-11T19:43:06","slug":"data-for-education-2025","status":"publish","type":"post","link":"https:\/\/vicerrectorias.utp.edu.co\/responsabilidad-social\/data-for-education-2025\/","title":{"rendered":"Data for Education 2025"},"content":{"rendered":"<div class=\"wp-block-image\">\n<figure class=\"aligncenter size-large\"><img loading=\"lazy\" decoding=\"async\" width=\"576\" height=\"1024\" src=\"https:\/\/vicerrectorias.utp.edu.co\/responsabilidad-social\/wp-content\/uploads\/sites\/12\/TRINO-ROSS-R-11-9-25-576x1024.jpg\" alt=\"\" class=\"wp-image-64206\" srcset=\"https:\/\/vicerrectorias.utp.edu.co\/responsabilidad-social\/wp-content\/uploads\/sites\/12\/TRINO-ROSS-R-11-9-25-576x1024.jpg 576w, https:\/\/vicerrectorias.utp.edu.co\/responsabilidad-social\/wp-content\/uploads\/sites\/12\/TRINO-ROSS-R-11-9-25-169x300.jpg 169w, https:\/\/vicerrectorias.utp.edu.co\/responsabilidad-social\/wp-content\/uploads\/sites\/12\/TRINO-ROSS-R-11-9-25-768x1365.jpg 768w, https:\/\/vicerrectorias.utp.edu.co\/responsabilidad-social\/wp-content\/uploads\/sites\/12\/TRINO-ROSS-R-11-9-25-864x1536.jpg 864w, https:\/\/vicerrectorias.utp.edu.co\/responsabilidad-social\/wp-content\/uploads\/sites\/12\/TRINO-ROSS-R-11-9-25-1152x2048.jpg 1152w, https:\/\/vicerrectorias.utp.edu.co\/responsabilidad-social\/wp-content\/uploads\/sites\/12\/TRINO-ROSS-R-11-9-25-scaled.jpg 1440w\" sizes=\"auto, (max-width: 576px) 100vw, 576px\" \/><\/figure>\n<\/div>\n\n\n<p class=\"has-text-align-center\"><span class=\"post-content__span\"> <strong>Simposio virtual sobre Inteligencia Artificial en la Educaci\u00f3n<\/strong><\/p>\n\n\n\n<p><span class=\"post-content__span\"> La Universidad Tecnol\u00f3gica de Pereira invita a participar en el Segundo&nbsp;Simposio<br>Data for Education, que se realizar\u00e1 el pr\u00f3ximo 22 de septiembre de 2025, en<br>modalidad 100% virtual,&nbsp;con el prop\u00f3sito de ampliar la participaci\u00f3n de invitados y<br>de la comunidad interesada en la innovaci\u00f3n educativa.<br>Durante el evento, expertos compartir\u00e1n los avances m\u00e1s recientes en el uso de la<br>inteligencia artificial en la educaci\u00f3n, y se desarrollar\u00e1 un panel de discusi\u00f3n sobre<br>los principales retos y oportunidades que estas tecnolog\u00edas plantean en el \u00e1mbito<br>acad\u00e9mico.<br>Ponentes invitados:<\/p>\n\n\n\n<ol class=\"wp-block-list\">\n<li>TutorIA\u00a0por Jos\u00e9 Alfredo Jaramillo Villegas (Universidad Tecnol\u00f3gica de<br>Pereira)<\/li>\n\n\n\n<li>Unidad did\u00e1ctica para el aprendizaje de la estad\u00edstica desde los resultados<br>de aprendizaje, con el uso de la mediaci\u00f3n tecnol\u00f3gica en el programa de<br>Ingenier\u00eda de Sistemas del Instituto de Educaci\u00f3n a Distancia de la<br>Universidad del Tolima\u00a0\u2013 UT por Nubia Berm\u00fadez Var\u00f3n, Luz Elena<br>Batanelo Garc\u00eda (Universidad del Tolima)<\/li>\n\n\n\n<li>Desarrollo y comparaci\u00f3n de modelos predictivos supervisados de Machine<br>Learning para la identificaci\u00f3n temprana de la deserci\u00f3n estudiantil. Caso<br>UTP\u00a0\u2013 Ang\u00e9lica L\u00f3pez G\u00f3mez, Leonardo Evelio Gaviria Grisales<br>(Universidad\u00a0Tecnol\u00f3gica de Pereira)<\/li>\n\n\n\n<li>Cristian Alejandro Blanco Mart\u00ednez, Steven Galindo Nore\u00f1a (Universidad<br>Tecnol\u00f3gica de Pereira)<\/li>\n\n\n\n<li>Ana Mar\u00eda L\u00f3pez Moreno (IU Digital)<br>Retransmisi\u00f3n en YouTube:\u00a0@UTPereira<br>Fecha:\u00a022 de septiembre de 2025<br>Hora:\u00a08:00 a.m. \u2013 12:00 m.<br>Modalidad:\u00a0Virtual<br>Este es un espacio para aprender, reflexionar y conectar con las tendencias que<br>est\u00e1n transformando la educaci\u00f3n en Colombia.<\/li>\n<\/ol>\n\n\n\n<p class=\"has-text-align-center\"><span class=\"post-content__span\"> <a href=\"https:\/\/renata.zoom.us\/webinar\/register\/WN_mgFUs-AdREiMMsceFI-C9g\" data-type=\"link\" data-id=\"https:\/\/renata.zoom.us\/webinar\/register\/WN_mgFUs-AdREiMMsceFI-C9g\">https:\/\/renata.zoom.us\/webinar\/register\/WN_mgFUs-AdREiMMsceFI-C9g<\/a><\/p>\n\n\n\n<p><span class=\"post-content__span\"> <\/p>\n","protected":false},"excerpt":{"rendered":"<p>Simposio virtual sobre Inteligencia Artificial en la Educaci\u00f3n La Universidad Tecnol\u00f3gica de Pereira invita a participar en el Segundo&nbsp;SimposioData for [&hellip;]<\/p>\n","protected":false},"author":30,"featured_media":64206,"comment_status":"open","ping_status":"open","sticky":false,"template":"","format":"standard","meta":{"footnotes":""},"categories":[3],"tags":[],"class_list":["post-64205","post","type-post","status-publish","format-standard","has-post-thumbnail","hentry","category-noticias"],"_links":{"self":[{"href":"https:\/\/vicerrectorias.utp.edu.co\/responsabilidad-social\/wp-json\/wp\/v2\/posts\/64205","targetHints":{"allow":["GET"]}}],"collection":[{"href":"https:\/\/vicerrectorias.utp.edu.co\/responsabilidad-social\/wp-json\/wp\/v2\/posts"}],"about":[{"href":"https:\/\/vicerrectorias.utp.edu.co\/responsabilidad-social\/wp-json\/wp\/v2\/types\/post"}],"author":[{"embeddable":true,"href":"https:\/\/vicerrectorias.utp.edu.co\/responsabilidad-social\/wp-json\/wp\/v2\/users\/30"}],"replies":[{"embeddable":true,"href":"https:\/\/vicerrectorias.utp.edu.co\/responsabilidad-social\/wp-json\/wp\/v2\/comments?post=64205"}],"version-history":[{"count":1,"href":"https:\/\/vicerrectorias.utp.edu.co\/responsabilidad-social\/wp-json\/wp\/v2\/posts\/64205\/revisions"}],"predecessor-version":[{"id":64207,"href":"https:\/\/vicerrectorias.utp.edu.co\/responsabilidad-social\/wp-json\/wp\/v2\/posts\/64205\/revisions\/64207"}],"wp:featuredmedia":[{"embeddable":true,"href":"https:\/\/vicerrectorias.utp.edu.co\/responsabilidad-social\/wp-json\/wp\/v2\/media\/64206"}],"wp:attachment":[{"href":"https:\/\/vicerrectorias.utp.edu.co\/responsabilidad-social\/wp-json\/wp\/v2\/media?parent=64205"}],"wp:term":[{"taxonomy":"category","embeddable":true,"href":"https:\/\/vicerrectorias.utp.edu.co\/responsabilidad-social\/wp-json\/wp\/v2\/categories?post=64205"},{"taxonomy":"post_tag","embeddable":true,"href":"https:\/\/vicerrectorias.utp.edu.co\/responsabilidad-social\/wp-json\/wp\/v2\/tags?post=64205"}],"curies":[{"name":"wp","href":"https:\/\/api.w.org\/{rel}","templated":true}]}}