{"id":64128,"date":"2025-08-22T18:40:32","date_gmt":"2025-08-22T16:40:32","guid":{"rendered":"https:\/\/vicerrectorias.utp.edu.co\/responsabilidad-social\/?p=64128"},"modified":"2025-08-22T18:44:14","modified_gmt":"2025-08-22T16:44:14","slug":"promocion-social-realizo-su-segundo-taller-con-enfasis-en-trabajo-social","status":"publish","type":"post","link":"https:\/\/vicerrectorias.utp.edu.co\/responsabilidad-social\/promocion-social-realizo-su-segundo-taller-con-enfasis-en-trabajo-social\/","title":{"rendered":"Promoci\u00f3n Social realiz\u00f3 su segundo taller con \u00e9nfasis en Trabajo Social"},"content":{"rendered":"\n<p><span class=\"post-content__span\"> En el marco del programa Becas Talento, se llev\u00f3 a cabo el segundo taller del circuito de Promoci\u00f3n Social con \u00e9nfasis en Trabajo Social, desarrollado durante el encuentro de inmersi\u00f3n denominado&nbsp;<em>Grandiosa<\/em>. La jornada tuvo lugar en el Auditorio Sala Plana de Ciencias de la Salud, tercer piso, donde se gener\u00f3 un valioso espacio de reflexi\u00f3n, aprendizaje y fortalecimiento de la comunidad universitaria.<\/p>\n\n\n\n<p><span class=\"post-content__span\"> La actividad cont\u00f3 con la participaci\u00f3n de donantes de tiempo profesionales, entre ellas varias egresadas de la Universidad Tecnol\u00f3gica de Pereira, quienes compartieron sus experiencias y conocimientos, convirti\u00e9ndose en referentes y modelos a seguir para las mujeres presentes en este espacio formativo.<\/p>\n\n\n\n<p><span class=\"post-content__span\"> El encuentro fue calificado como una jornada muy productiva, en la que se reafirm\u00f3 el compromiso institucional con la formaci\u00f3n integral, el fortalecimiento de la responsabilidad social y la promoci\u00f3n del talento humano que caracteriza a la UTP.<\/p>\n\n\n\n<div class=\"wp-block-columns is-layout-flex wp-container-core-columns-is-layout-9d6595d7 wp-block-columns-is-layout-flex\">\n<div class=\"wp-block-column is-layout-flow wp-block-column-is-layout-flow\" style=\"flex-basis:100%\"><div class=\"wp-block-image\">\n<figure class=\"aligncenter size-large is-resized\"><img loading=\"lazy\" decoding=\"async\" width=\"619\" height=\"1024\" src=\"https:\/\/vicerrectorias.utp.edu.co\/responsabilidad-social\/wp-content\/uploads\/sites\/12\/IMG_3995-619x1024.jpg\" alt=\"\" class=\"wp-image-64133\" style=\"width:339px;height:auto\" srcset=\"https:\/\/vicerrectorias.utp.edu.co\/responsabilidad-social\/wp-content\/uploads\/sites\/12\/IMG_3995-619x1024.jpg 619w, https:\/\/vicerrectorias.utp.edu.co\/responsabilidad-social\/wp-content\/uploads\/sites\/12\/IMG_3995-181x300.jpg 181w, https:\/\/vicerrectorias.utp.edu.co\/responsabilidad-social\/wp-content\/uploads\/sites\/12\/IMG_3995-768x1271.jpg 768w, https:\/\/vicerrectorias.utp.edu.co\/responsabilidad-social\/wp-content\/uploads\/sites\/12\/IMG_3995-928x1536.jpg 928w, https:\/\/vicerrectorias.utp.edu.co\/responsabilidad-social\/wp-content\/uploads\/sites\/12\/IMG_3995.jpg 1179w\" sizes=\"auto, (max-width: 619px) 100vw, 619px\" \/><\/figure>\n<\/div><\/div>\n<\/div>\n\n\n<div class=\"wp-block-image\">\n<figure class=\"aligncenter size-large is-resized\"><img loading=\"lazy\" decoding=\"async\" width=\"645\" height=\"1024\" src=\"https:\/\/vicerrectorias.utp.edu.co\/responsabilidad-social\/wp-content\/uploads\/sites\/12\/IMG_3994-1-645x1024.jpg\" alt=\"\" class=\"wp-image-64134\" style=\"width:345px;height:auto\" srcset=\"https:\/\/vicerrectorias.utp.edu.co\/responsabilidad-social\/wp-content\/uploads\/sites\/12\/IMG_3994-1-645x1024.jpg 645w, https:\/\/vicerrectorias.utp.edu.co\/responsabilidad-social\/wp-content\/uploads\/sites\/12\/IMG_3994-1-189x300.jpg 189w, https:\/\/vicerrectorias.utp.edu.co\/responsabilidad-social\/wp-content\/uploads\/sites\/12\/IMG_3994-1-768x1220.jpg 768w, https:\/\/vicerrectorias.utp.edu.co\/responsabilidad-social\/wp-content\/uploads\/sites\/12\/IMG_3994-1-967x1536.jpg 967w, https:\/\/vicerrectorias.utp.edu.co\/responsabilidad-social\/wp-content\/uploads\/sites\/12\/IMG_3994-1.jpg 1179w\" sizes=\"auto, (max-width: 645px) 100vw, 645px\" \/><\/figure>\n<\/div>","protected":false},"excerpt":{"rendered":"<p>En el marco del programa Becas Talento, se llev\u00f3 a cabo el segundo taller del circuito de Promoci\u00f3n Social con [&hellip;]<\/p>\n","protected":false},"author":30,"featured_media":64136,"comment_status":"open","ping_status":"open","sticky":false,"template":"","format":"standard","meta":{"footnotes":""},"categories":[3],"tags":[],"class_list":["post-64128","post","type-post","status-publish","format-standard","has-post-thumbnail","hentry","category-noticias"],"_links":{"self":[{"href":"https:\/\/vicerrectorias.utp.edu.co\/responsabilidad-social\/wp-json\/wp\/v2\/posts\/64128","targetHints":{"allow":["GET"]}}],"collection":[{"href":"https:\/\/vicerrectorias.utp.edu.co\/responsabilidad-social\/wp-json\/wp\/v2\/posts"}],"about":[{"href":"https:\/\/vicerrectorias.utp.edu.co\/responsabilidad-social\/wp-json\/wp\/v2\/types\/post"}],"author":[{"embeddable":true,"href":"https:\/\/vicerrectorias.utp.edu.co\/responsabilidad-social\/wp-json\/wp\/v2\/users\/30"}],"replies":[{"embeddable":true,"href":"https:\/\/vicerrectorias.utp.edu.co\/responsabilidad-social\/wp-json\/wp\/v2\/comments?post=64128"}],"version-history":[{"count":1,"href":"https:\/\/vicerrectorias.utp.edu.co\/responsabilidad-social\/wp-json\/wp\/v2\/posts\/64128\/revisions"}],"predecessor-version":[{"id":64135,"href":"https:\/\/vicerrectorias.utp.edu.co\/responsabilidad-social\/wp-json\/wp\/v2\/posts\/64128\/revisions\/64135"}],"wp:featuredmedia":[{"embeddable":true,"href":"https:\/\/vicerrectorias.utp.edu.co\/responsabilidad-social\/wp-json\/wp\/v2\/media\/64136"}],"wp:attachment":[{"href":"https:\/\/vicerrectorias.utp.edu.co\/responsabilidad-social\/wp-json\/wp\/v2\/media?parent=64128"}],"wp:term":[{"taxonomy":"category","embeddable":true,"href":"https:\/\/vicerrectorias.utp.edu.co\/responsabilidad-social\/wp-json\/wp\/v2\/categories?post=64128"},{"taxonomy":"post_tag","embeddable":true,"href":"https:\/\/vicerrectorias.utp.edu.co\/responsabilidad-social\/wp-json\/wp\/v2\/tags?post=64128"}],"curies":[{"name":"wp","href":"https:\/\/api.w.org\/{rel}","templated":true}]}}