{"id":64122,"date":"2025-08-19T21:04:19","date_gmt":"2025-08-19T19:04:19","guid":{"rendered":"https:\/\/vicerrectorias.utp.edu.co\/responsabilidad-social\/?p=64122"},"modified":"2025-08-22T18:43:58","modified_gmt":"2025-08-22T16:43:58","slug":"tu-salud-importa","status":"publish","type":"post","link":"https:\/\/vicerrectorias.utp.edu.co\/responsabilidad-social\/tu-salud-importa\/","title":{"rendered":"Tu salud importa."},"content":{"rendered":"\n<p><span class=\"post-content__span\"> Este jueves 21 de agosto acomp\u00e1\u00f1anos en la Jornada de toma de pruebas r\u00e1pidas de VIH, Hepatitis y S\u00edfilis \ud83e\uddea\ud83d\udc9c.<br>\ud83d\udccd Planetario UTP<br>\ud83d\udd58 9:00 a.m. \u2013 2:00 p.m.<br>(\ud83d\udcaf Cupo limitado: 100 pruebas, hasta agotar existencias)<\/p>\n\n\n\n<p><span class=\"post-content__span\"> Hazte la prueba, cuida tu vida y la de quienes amas \ud83c\udf08\ud83d\udcaa.<\/p>\n\n\n\n<figure class=\"wp-block-image size-large\"><img loading=\"lazy\" decoding=\"async\" width=\"576\" height=\"1024\" src=\"https:\/\/vicerrectorias.utp.edu.co\/responsabilidad-social\/wp-content\/uploads\/sites\/12\/WhatsApp-Image-2025-08-19-at-1.59.45-PM-1-576x1024.jpeg\" alt=\"\" class=\"wp-image-64124\" srcset=\"https:\/\/vicerrectorias.utp.edu.co\/responsabilidad-social\/wp-content\/uploads\/sites\/12\/WhatsApp-Image-2025-08-19-at-1.59.45-PM-1-576x1024.jpeg 576w, https:\/\/vicerrectorias.utp.edu.co\/responsabilidad-social\/wp-content\/uploads\/sites\/12\/WhatsApp-Image-2025-08-19-at-1.59.45-PM-1-169x300.jpeg 169w, https:\/\/vicerrectorias.utp.edu.co\/responsabilidad-social\/wp-content\/uploads\/sites\/12\/WhatsApp-Image-2025-08-19-at-1.59.45-PM-1-768x1365.jpeg 768w, https:\/\/vicerrectorias.utp.edu.co\/responsabilidad-social\/wp-content\/uploads\/sites\/12\/WhatsApp-Image-2025-08-19-at-1.59.45-PM-1-864x1536.jpeg 864w, https:\/\/vicerrectorias.utp.edu.co\/responsabilidad-social\/wp-content\/uploads\/sites\/12\/WhatsApp-Image-2025-08-19-at-1.59.45-PM-1.jpeg 900w\" sizes=\"auto, (max-width: 576px) 100vw, 576px\" \/><\/figure>\n\n\n\n<h1 class=\"wp-block-heading\"><\/h1>\n","protected":false},"excerpt":{"rendered":"<p>Este jueves 21 de agosto acomp\u00e1\u00f1anos en la Jornada de toma de pruebas r\u00e1pidas de VIH, Hepatitis y S\u00edfilis \ud83e\uddea\ud83d\udc9c.\ud83d\udccd [&hellip;]<\/p>\n","protected":false},"author":30,"featured_media":64123,"comment_status":"open","ping_status":"open","sticky":false,"template":"","format":"standard","meta":{"footnotes":""},"categories":[3],"tags":[],"class_list":["post-64122","post","type-post","status-publish","format-standard","has-post-thumbnail","hentry","category-noticias"],"_links":{"self":[{"href":"https:\/\/vicerrectorias.utp.edu.co\/responsabilidad-social\/wp-json\/wp\/v2\/posts\/64122","targetHints":{"allow":["GET"]}}],"collection":[{"href":"https:\/\/vicerrectorias.utp.edu.co\/responsabilidad-social\/wp-json\/wp\/v2\/posts"}],"about":[{"href":"https:\/\/vicerrectorias.utp.edu.co\/responsabilidad-social\/wp-json\/wp\/v2\/types\/post"}],"author":[{"embeddable":true,"href":"https:\/\/vicerrectorias.utp.edu.co\/responsabilidad-social\/wp-json\/wp\/v2\/users\/30"}],"replies":[{"embeddable":true,"href":"https:\/\/vicerrectorias.utp.edu.co\/responsabilidad-social\/wp-json\/wp\/v2\/comments?post=64122"}],"version-history":[{"count":1,"href":"https:\/\/vicerrectorias.utp.edu.co\/responsabilidad-social\/wp-json\/wp\/v2\/posts\/64122\/revisions"}],"predecessor-version":[{"id":64125,"href":"https:\/\/vicerrectorias.utp.edu.co\/responsabilidad-social\/wp-json\/wp\/v2\/posts\/64122\/revisions\/64125"}],"wp:featuredmedia":[{"embeddable":true,"href":"https:\/\/vicerrectorias.utp.edu.co\/responsabilidad-social\/wp-json\/wp\/v2\/media\/64123"}],"wp:attachment":[{"href":"https:\/\/vicerrectorias.utp.edu.co\/responsabilidad-social\/wp-json\/wp\/v2\/media?parent=64122"}],"wp:term":[{"taxonomy":"category","embeddable":true,"href":"https:\/\/vicerrectorias.utp.edu.co\/responsabilidad-social\/wp-json\/wp\/v2\/categories?post=64122"},{"taxonomy":"post_tag","embeddable":true,"href":"https:\/\/vicerrectorias.utp.edu.co\/responsabilidad-social\/wp-json\/wp\/v2\/tags?post=64122"}],"curies":[{"name":"wp","href":"https:\/\/api.w.org\/{rel}","templated":true}]}}