{"id":64119,"date":"2025-08-19T18:15:02","date_gmt":"2025-08-19T16:15:02","guid":{"rendered":"https:\/\/vicerrectorias.utp.edu.co\/responsabilidad-social\/?p=64119"},"modified":"2025-08-22T18:43:43","modified_gmt":"2025-08-22T16:43:43","slug":"visita-del-icbf-nacional-a-la-sede-utepitos","status":"publish","type":"post","link":"https:\/\/vicerrectorias.utp.edu.co\/responsabilidad-social\/visita-del-icbf-nacional-a-la-sede-utepitos\/","title":{"rendered":"Visita del ICBF Nacional a la sede UTEPITOS"},"content":{"rendered":"\n<p><span class=\"post-content__span\"> El pasado mes de junio, la sede UTEPITOS tuvo el honor de recibir la visita del equipo del<br>ICBF Nacional, en el marco del proceso de territorializaci\u00f3n de la minuta para el<br>departamento de Risaralda. Esta visita tuvo como objetivo principal evaluar y validar la<br>minuta alimentaria, teniendo en cuenta las necesidades, costumbres y gustos culturales<br>propios del Eje Cafetero.<br>Durante la reuni\u00f3n y el recorrido, se revisaron aspectos clave relacionados con la<br>aceptaci\u00f3n de la alimentaci\u00f3n por parte de los ni\u00f1os y ni\u00f1as, as\u00ed como las particularidades<br>culturales que inciden en sus h\u00e1bitos alimenticios. La elecci\u00f3n de la sede UTEPITOS como<br>referente para esta revisi\u00f3n resalta el compromiso institucional con el bienestar nutricional<br>y culturalmente pertinente de la primera infancia en la regi\u00f3n.<br>Al finalizar la jornada, el equipo del ICBF Nacional expres\u00f3 sus felicitaciones al CDI<br>UTEPITOS por los buenos resultados observados durante la visita, reconociendo el<br>compromiso del equipo de trabajo y la adecuada implementaci\u00f3n de la minuta en beneficio<br>de los ni\u00f1os y ni\u00f1as atendidos.<\/p>\n","protected":false},"excerpt":{"rendered":"<p>El pasado mes de junio, la sede UTEPITOS tuvo el honor de recibir la visita del equipo delICBF Nacional, en [&hellip;]<\/p>\n","protected":false},"author":30,"featured_media":64120,"comment_status":"open","ping_status":"open","sticky":false,"template":"","format":"standard","meta":{"footnotes":""},"categories":[3],"tags":[],"class_list":["post-64119","post","type-post","status-publish","format-standard","has-post-thumbnail","hentry","category-noticias"],"_links":{"self":[{"href":"https:\/\/vicerrectorias.utp.edu.co\/responsabilidad-social\/wp-json\/wp\/v2\/posts\/64119","targetHints":{"allow":["GET"]}}],"collection":[{"href":"https:\/\/vicerrectorias.utp.edu.co\/responsabilidad-social\/wp-json\/wp\/v2\/posts"}],"about":[{"href":"https:\/\/vicerrectorias.utp.edu.co\/responsabilidad-social\/wp-json\/wp\/v2\/types\/post"}],"author":[{"embeddable":true,"href":"https:\/\/vicerrectorias.utp.edu.co\/responsabilidad-social\/wp-json\/wp\/v2\/users\/30"}],"replies":[{"embeddable":true,"href":"https:\/\/vicerrectorias.utp.edu.co\/responsabilidad-social\/wp-json\/wp\/v2\/comments?post=64119"}],"version-history":[{"count":1,"href":"https:\/\/vicerrectorias.utp.edu.co\/responsabilidad-social\/wp-json\/wp\/v2\/posts\/64119\/revisions"}],"predecessor-version":[{"id":64121,"href":"https:\/\/vicerrectorias.utp.edu.co\/responsabilidad-social\/wp-json\/wp\/v2\/posts\/64119\/revisions\/64121"}],"wp:featuredmedia":[{"embeddable":true,"href":"https:\/\/vicerrectorias.utp.edu.co\/responsabilidad-social\/wp-json\/wp\/v2\/media\/64120"}],"wp:attachment":[{"href":"https:\/\/vicerrectorias.utp.edu.co\/responsabilidad-social\/wp-json\/wp\/v2\/media?parent=64119"}],"wp:term":[{"taxonomy":"category","embeddable":true,"href":"https:\/\/vicerrectorias.utp.edu.co\/responsabilidad-social\/wp-json\/wp\/v2\/categories?post=64119"},{"taxonomy":"post_tag","embeddable":true,"href":"https:\/\/vicerrectorias.utp.edu.co\/responsabilidad-social\/wp-json\/wp\/v2\/tags?post=64119"}],"curies":[{"name":"wp","href":"https:\/\/api.w.org\/{rel}","templated":true}]}}