{"id":64110,"date":"2025-08-19T15:01:12","date_gmt":"2025-08-19T13:01:12","guid":{"rendered":"https:\/\/vicerrectorias.utp.edu.co\/responsabilidad-social\/?p=64110"},"modified":"2025-08-22T18:43:30","modified_gmt":"2025-08-22T16:43:30","slug":"el-grupo-trietnias-de-la-utp-brillo-en-las-fiestas-de-la-cosecha","status":"publish","type":"post","link":"https:\/\/vicerrectorias.utp.edu.co\/responsabilidad-social\/el-grupo-trietnias-de-la-utp-brillo-en-las-fiestas-de-la-cosecha\/","title":{"rendered":"El Grupo Trietnias de la UTP brill\u00f3 en las Fiestas de la Cosecha"},"content":{"rendered":"\n<p><span class=\"post-content__span\"> En el marco de la celebraci\u00f3n de los 162 a\u00f1os de Pereira y sus tradicionales Fiestas de la Cosecha, el talento del Grupo Trietnias de la Universidad Tecnol\u00f3gica de Pereira se tom\u00f3 los escenarios culturales de la ciudad, llevando el arte y la representaci\u00f3n universitaria a miles de pereiranos.<\/p>\n\n\n\n<p><span class=\"post-content__span\"> La Se\u00f1ora Vicerrectora de Responsabilidad Social y Bienestar Universitario, Yetsika Natalia Villa Montes, destac\u00f3 el orgullo que representa contar con el grupo oficial de m\u00fasica y danzas folcl\u00f3ricas, que con su energ\u00eda y talento dej\u00f3 en alto el nombre de la UTP.<\/p>\n\n\n\n<p><span class=\"post-content__span\"> El 15 de agosto, el grupo particip\u00f3 en el XXXII Festival Gastron\u00f3mico Internacional de Pereira, realizado en la Plaza de Bol\u00edvar, donde se vivi\u00f3 una velada llena de cultura, sabores y tradici\u00f3n, desde las 6:30 de la tarde hasta la medianoche.<\/p>\n\n\n\n<p><span class=\"post-content__span\"> Posteriormente, el 16 de agosto, la agrupaci\u00f3n engalan\u00f3 el Gran Desfile Carnaval de la Cosecha, recorriendo la Avenida 30 de Agosto desde la Calle 48 hasta el Parque Olaya Herrera, en una jornada que reuni\u00f3 a miles de asistentes entre la 1:00 y las 8:00 de la noche. All\u00ed, el Grupo Trietnias fue protagonista y vibr\u00f3 con fuerza en la participaci\u00f3n de la Red Universitaria Nacional \u2013 RUN, mostrando la diversidad y el talento de la comunidad acad\u00e9mica.<\/p>\n\n\n\n<p><span class=\"post-content__span\"> Con su puesta en escena, el Grupo Trietnias no solo conquist\u00f3 al p\u00fablico, sino que reafirm\u00f3 el compromiso de la UTP con la promoci\u00f3n de la cultura, el arte y el bienestar universitario como pilares de formaci\u00f3n integral, sum\u00e1ndose a la conmemoraci\u00f3n de una ciudad que celebra con orgullo sus 162 a\u00f1os de historia.<\/p>\n\n\n\n<figure class=\"wp-block-image size-large\"><img loading=\"lazy\" decoding=\"async\" width=\"1024\" height=\"768\" src=\"https:\/\/vicerrectorias.utp.edu.co\/responsabilidad-social\/wp-content\/uploads\/sites\/12\/bf70cd77-4fff-4e74-8ef4-a0b23c26a24f-1024x768.jpeg\" alt=\"\" class=\"wp-image-64111\" srcset=\"https:\/\/vicerrectorias.utp.edu.co\/responsabilidad-social\/wp-content\/uploads\/sites\/12\/bf70cd77-4fff-4e74-8ef4-a0b23c26a24f-1024x768.jpeg 1024w, https:\/\/vicerrectorias.utp.edu.co\/responsabilidad-social\/wp-content\/uploads\/sites\/12\/bf70cd77-4fff-4e74-8ef4-a0b23c26a24f-300x225.jpeg 300w, https:\/\/vicerrectorias.utp.edu.co\/responsabilidad-social\/wp-content\/uploads\/sites\/12\/bf70cd77-4fff-4e74-8ef4-a0b23c26a24f-768x576.jpeg 768w, https:\/\/vicerrectorias.utp.edu.co\/responsabilidad-social\/wp-content\/uploads\/sites\/12\/bf70cd77-4fff-4e74-8ef4-a0b23c26a24f.jpeg 1280w\" sizes=\"auto, (max-width: 1024px) 100vw, 1024px\" \/><\/figure>\n","protected":false},"excerpt":{"rendered":"<p>En el marco de la celebraci\u00f3n de los 162 a\u00f1os de Pereira y sus tradicionales Fiestas de la Cosecha, el [&hellip;]<\/p>\n","protected":false},"author":30,"featured_media":64115,"comment_status":"open","ping_status":"open","sticky":false,"template":"","format":"standard","meta":{"footnotes":""},"categories":[3],"tags":[],"class_list":["post-64110","post","type-post","status-publish","format-standard","has-post-thumbnail","hentry","category-noticias"],"_links":{"self":[{"href":"https:\/\/vicerrectorias.utp.edu.co\/responsabilidad-social\/wp-json\/wp\/v2\/posts\/64110","targetHints":{"allow":["GET"]}}],"collection":[{"href":"https:\/\/vicerrectorias.utp.edu.co\/responsabilidad-social\/wp-json\/wp\/v2\/posts"}],"about":[{"href":"https:\/\/vicerrectorias.utp.edu.co\/responsabilidad-social\/wp-json\/wp\/v2\/types\/post"}],"author":[{"embeddable":true,"href":"https:\/\/vicerrectorias.utp.edu.co\/responsabilidad-social\/wp-json\/wp\/v2\/users\/30"}],"replies":[{"embeddable":true,"href":"https:\/\/vicerrectorias.utp.edu.co\/responsabilidad-social\/wp-json\/wp\/v2\/comments?post=64110"}],"version-history":[{"count":1,"href":"https:\/\/vicerrectorias.utp.edu.co\/responsabilidad-social\/wp-json\/wp\/v2\/posts\/64110\/revisions"}],"predecessor-version":[{"id":64112,"href":"https:\/\/vicerrectorias.utp.edu.co\/responsabilidad-social\/wp-json\/wp\/v2\/posts\/64110\/revisions\/64112"}],"wp:featuredmedia":[{"embeddable":true,"href":"https:\/\/vicerrectorias.utp.edu.co\/responsabilidad-social\/wp-json\/wp\/v2\/media\/64115"}],"wp:attachment":[{"href":"https:\/\/vicerrectorias.utp.edu.co\/responsabilidad-social\/wp-json\/wp\/v2\/media?parent=64110"}],"wp:term":[{"taxonomy":"category","embeddable":true,"href":"https:\/\/vicerrectorias.utp.edu.co\/responsabilidad-social\/wp-json\/wp\/v2\/categories?post=64110"},{"taxonomy":"post_tag","embeddable":true,"href":"https:\/\/vicerrectorias.utp.edu.co\/responsabilidad-social\/wp-json\/wp\/v2\/tags?post=64110"}],"curies":[{"name":"wp","href":"https:\/\/api.w.org\/{rel}","templated":true}]}}