{"id":6411,"date":"2019-10-11T11:33:22","date_gmt":"2019-10-11T09:33:22","guid":{"rendered":""},"modified":"2024-08-16T07:43:16","modified_gmt":"2024-08-16T05:43:16","slug":"comite-directivo-de-la-utp-hizo-reconocimiento","status":"publish","type":"post","link":"https:\/\/vicerrectorias.utp.edu.co\/responsabilidad-social\/comite-directivo-de-la-utp-hizo-reconocimiento\/","title":{"rendered":"Comit\u00e9 Directivo de la UTP hizo reconocimiento"},"content":{"rendered":"\n<p><span class=\"post-content__span\"> Profesor ILEX UTP recibe reconocimiento<\/p>\n\n\n\n<p><span class=\"post-content__span\"> <img decoding=\"async\" src=\"https:\/\/comunicaciones.utp.edu.co\/wp-content\/uploads\/sites\/2\/Profesor-ILEX-UTP-recibe-reconocimiento-minatura.jpg\">El Comit\u00e9 Directivo de la Universidad Tecnol\u00f3gica de Pereira hizo un reconocimiento especial al profesor Jonathan \u00d1a\u00f1ez Arcila, egresado del programa de Licenciatura en Lengua Inglesa, vinculado al Instituto de Lenguas Extranjeras (ILEX).<\/p>\n\n\n\n<p><span class=\"post-content__span\"> El reconocimiento fue otorgado por sus logros obtenidos a lo largo de su vida profesional, de los cuales se destacan:<\/p>\n\n\n\n<ul class=\"wp-block-list\">\n<li>Reconocimiento de la Embajada Brit\u00e1nica en Bogot\u00e1, como becario Chevening cohorte 2017-2018, prestigioso programa global que selecciona profesionales destacados y con potencial de liderazgo para estudiar maestr\u00edas en las mejores universidades del Reino Unido.<\/li>\n\n\n\n<li>Admisi\u00f3n en la University College London \/Birkbeck college, la tercera instituci\u00f3n en Educaci\u00f3n Superior m\u00e1s antigua de Inglaterra despu\u00e9s de Oxford y Cambridge y catalogada cada a\u00f1o por el QS World University Ranking entre las 10 mejores universidades del mundo, estando en el cuarto lugar en dos oportunidades.<\/li>\n\n\n\n<li>Maestr\u00eda en Ciencia, en el \u00e1rea de Neurociencia educativa en la Facultad de Educaci\u00f3n de UCL en el programa de psicolog\u00eda, obteniendo la m\u00e1xima calificaci\u00f3n en su proyecto de disertaci\u00f3n, desarrollando su tesis en El Desarrollo Cerebral y el Biling\u00fcismo.<\/li>\n\n\n\n<li>Obtenci\u00f3n de la nota de Overall Distinction (Distinci\u00f3n General).<br>\u00a0<\/li>\n<\/ul>\n\n\n\n<p><span class=\"post-content__span\"> Todos estos logros son motivo de admiraci\u00f3n y felicitaci\u00f3n por parte de las directivas de la Universidad, reconociendo que para obtenerlos se debe tener talento, disciplina y amor por lo que se hace y que es un orgullo que Jonathan forme parte de la Comunidad Universitaria UTP y especialmente del Instituto de Lenguas Extranjeras &#8211; ILEX en calidad de docente.<\/p>\n\n\n\n<p><span class=\"post-content__span\"> Este tipo de ejemplos demuestran la calidad de profesionales que se forman y que comparten sus conocimientos en la Universidad Tecnol\u00f3gica de Pereira y el potencial que se tiene para seguir fomentando la excelencia y la internacionalizaci\u00f3n de la instituci\u00f3n.<\/p>\n\n\n\n<figure class=\"wp-block-image\"><img decoding=\"async\" src=\"https:\/\/comunicaciones.utp.edu.co\/wp-content\/uploads\/sites\/2\/IMG-20191010-WA0027.jpg\" alt=\"\"\/><\/figure>\n\n\n\n<figure class=\"wp-block-image\"><img decoding=\"async\" src=\"https:\/\/comunicaciones.utp.edu.co\/wp-content\/uploads\/sites\/2\/IMG-20191010-WA0025.jpg\" alt=\"\"\/><\/figure>\n\n\n\n<figure class=\"wp-block-image\"><img decoding=\"async\" src=\"https:\/\/comunicaciones.utp.edu.co\/wp-content\/uploads\/sites\/2\/IMG-20191010-WA0024.jpg\" alt=\"\"\/><\/figure>\n","protected":false},"excerpt":{"rendered":"<p>Profesor ILEX UTP recibe reconocimiento El Comit\u00e9 Directivo de la Universidad Tecnol\u00f3gica de Pereira hizo un reconocimiento especial al profesor [&hellip;]<\/p>\n","protected":false},"author":0,"featured_media":60482,"comment_status":"closed","ping_status":"closed","sticky":false,"template":"","format":"standard","meta":{"footnotes":""},"categories":[3],"tags":[],"class_list":["post-6411","post","type-post","status-publish","format-standard","has-post-thumbnail","hentry","category-noticias"],"_links":{"self":[{"href":"https:\/\/vicerrectorias.utp.edu.co\/responsabilidad-social\/wp-json\/wp\/v2\/posts\/6411","targetHints":{"allow":["GET"]}}],"collection":[{"href":"https:\/\/vicerrectorias.utp.edu.co\/responsabilidad-social\/wp-json\/wp\/v2\/posts"}],"about":[{"href":"https:\/\/vicerrectorias.utp.edu.co\/responsabilidad-social\/wp-json\/wp\/v2\/types\/post"}],"replies":[{"embeddable":true,"href":"https:\/\/vicerrectorias.utp.edu.co\/responsabilidad-social\/wp-json\/wp\/v2\/comments?post=6411"}],"version-history":[{"count":2,"href":"https:\/\/vicerrectorias.utp.edu.co\/responsabilidad-social\/wp-json\/wp\/v2\/posts\/6411\/revisions"}],"predecessor-version":[{"id":60829,"href":"https:\/\/vicerrectorias.utp.edu.co\/responsabilidad-social\/wp-json\/wp\/v2\/posts\/6411\/revisions\/60829"}],"wp:featuredmedia":[{"embeddable":true,"href":"https:\/\/vicerrectorias.utp.edu.co\/responsabilidad-social\/wp-json\/wp\/v2\/media\/60482"}],"wp:attachment":[{"href":"https:\/\/vicerrectorias.utp.edu.co\/responsabilidad-social\/wp-json\/wp\/v2\/media?parent=6411"}],"wp:term":[{"taxonomy":"category","embeddable":true,"href":"https:\/\/vicerrectorias.utp.edu.co\/responsabilidad-social\/wp-json\/wp\/v2\/categories?post=6411"},{"taxonomy":"post_tag","embeddable":true,"href":"https:\/\/vicerrectorias.utp.edu.co\/responsabilidad-social\/wp-json\/wp\/v2\/tags?post=6411"}],"curies":[{"name":"wp","href":"https:\/\/api.w.org\/{rel}","templated":true}]}}