{"id":64095,"date":"2025-07-24T21:20:13","date_gmt":"2025-07-24T19:20:13","guid":{"rendered":"https:\/\/vicerrectorias.utp.edu.co\/responsabilidad-social\/?p=64095"},"modified":"2025-07-24T21:24:23","modified_gmt":"2025-07-24T19:24:23","slug":"unete-a-la-escuela-de-formacion-deportiva-utp","status":"publish","type":"post","link":"https:\/\/vicerrectorias.utp.edu.co\/responsabilidad-social\/unete-a-la-escuela-de-formacion-deportiva-utp\/","title":{"rendered":"\u00danete a la Escuela de Formaci\u00f3n Deportiva UTP"},"content":{"rendered":"<div class=\"wp-block-image\">\n<figure class=\"aligncenter size-large\"><img loading=\"lazy\" decoding=\"async\" width=\"576\" height=\"1024\" src=\"https:\/\/vicerrectorias.utp.edu.co\/responsabilidad-social\/wp-content\/uploads\/sites\/12\/FINAL-Escuela-de-formacion-2025-576x1024.jpg\" alt=\"\" class=\"wp-image-64096\" srcset=\"https:\/\/vicerrectorias.utp.edu.co\/responsabilidad-social\/wp-content\/uploads\/sites\/12\/FINAL-Escuela-de-formacion-2025-576x1024.jpg 576w, https:\/\/vicerrectorias.utp.edu.co\/responsabilidad-social\/wp-content\/uploads\/sites\/12\/FINAL-Escuela-de-formacion-2025-169x300.jpg 169w, https:\/\/vicerrectorias.utp.edu.co\/responsabilidad-social\/wp-content\/uploads\/sites\/12\/FINAL-Escuela-de-formacion-2025-768x1365.jpg 768w, https:\/\/vicerrectorias.utp.edu.co\/responsabilidad-social\/wp-content\/uploads\/sites\/12\/FINAL-Escuela-de-formacion-2025-864x1536.jpg 864w, https:\/\/vicerrectorias.utp.edu.co\/responsabilidad-social\/wp-content\/uploads\/sites\/12\/FINAL-Escuela-de-formacion-2025-1152x2048.jpg 1152w, https:\/\/vicerrectorias.utp.edu.co\/responsabilidad-social\/wp-content\/uploads\/sites\/12\/FINAL-Escuela-de-formacion-2025-scaled.jpg 1440w\" sizes=\"auto, (max-width: 576px) 100vw, 576px\" \/><\/figure>\n<\/div>\n\n\n<p><span class=\"post-content__span\"> \u00a1Te invitamos a ser parte de nuestra comunidad deportiva!<\/p>\n\n\n\n<p><span class=\"post-content__span\"> Ya est\u00e1n abiertas las inscripciones para la nueva franja de la Escuela de Formaci\u00f3n Deportiva UTP, un espacio para compartir, aprender y fortalecer tus habilidades a trav\u00e9s del deporte.<\/p>\n\n\n\n<ul class=\"wp-block-list\">\n<li>Fechas: del s\u00e1bado 2 de agosto al 20 de septiembre de 2025<\/li>\n\n\n\n<li>Dirigido a: ni\u00f1os, adolescentes y adultos<\/li>\n\n\n\n<li>Modalidad presencial | UTP<\/li>\n<\/ul>\n\n\n\n<p><span class=\"post-content__span\"> <strong>Deportes ofertados, niveles y Horarios<\/strong><\/p>\n\n\n\n<p><span class=\"post-content__span\"> &nbsp;NATACI\u00d3N Mi\u00e9rcoles y S\u00e1bados<\/p>\n\n\n\n<p><span class=\"post-content__span\"> &nbsp;TENIS Mi\u00e9rcoles y S\u00e1bados<\/p>\n\n\n\n<p><span class=\"post-content__span\"> &nbsp;JUDO Martes (exclusivo para ni\u00f1@s)<\/p>\n\n\n\n<p><span class=\"post-content__span\"> &nbsp;VOLEIBOL S\u00e1bados (ni\u00f1@s de 11 a 13 a\u00f1os)<\/p>\n\n\n\n<p><span class=\"post-content__span\"> <strong>Inscripciones aqu\u00ed<\/strong><\/p>\n\n\n\n<p><span class=\"post-content__span\"> Ni\u00f1os:&nbsp;<a href=\"https:\/\/forms.gle\/3y4KFuVm8QoQECwN7\" target=\"_blank\" rel=\"noreferrer noopener\">https:\/\/forms.gle\/3y4KFuVm8QoQECwN7<\/a><br>&nbsp;Adultos y adolescentes (+14 a\u00f1os):&nbsp;<a href=\"https:\/\/forms.gle\/Vv5or8SCAcxzotRE7\" target=\"_blank\" rel=\"noreferrer noopener\">https:\/\/forms.gle\/Vv5or8SCAcxzotRE7<\/a><\/p>\n\n\n\n<p><span class=\"post-content__span\"> <strong>Formas de pago<\/strong><\/p>\n\n\n\n<ul class=\"wp-block-list\">\n<li>Efectivo: Ventanilla FAVI UTP (Edificio GALP\u00d3N) al Proyecto 511-22-136-32<\/li>\n\n\n\n<li>Transferencia electr\u00f3nica: Escanea el QR (ver aqu\u00ed)<\/li>\n\n\n\n<li>En l\u00ednea: Bot\u00f3n de Pagos UTP \u2013 Actividad N.\u00ba 286<\/li>\n<\/ul>\n\n\n\n<p><span class=\"post-content__span\"> <strong>Click aqu\u00ed para pagar<\/strong><strong><\/strong><\/p>\n\n\n\n<figure class=\"wp-block-embed\"><div class=\"wp-block-embed__wrapper\">\nhttps:\/\/app4.utp.edu.co\/servicios\/tipo_serv\/index.php\n<\/div><\/figure>\n\n\n\n<p><span class=\"post-content__span\"> <strong>M\u00e1s informaci\u00f3n<\/strong><\/p>\n\n\n\n<p><span class=\"post-content__span\"> Correo:&nbsp;<a href=\"mailto:escuelaformaciondeportiva@utp.edu.co\" target=\"_blank\" rel=\"noreferrer noopener\">escuelaformaciondeportiva@utp.edu.co<\/a><\/p>\n\n\n\n<p><span class=\"post-content__span\"> WhatsApp: 322 627 3559<\/p>\n\n\n\n<p><span class=\"post-content__span\"> <strong>Beneficio exclusivo para usuarios EFD<\/strong><\/p>\n\n\n\n<p><span class=\"post-content__span\"> Recibe un 50% de descuento en la inscripci\u00f3n al programa Vacaciones Deportivas UTP durante junio y diciembre.<\/p>\n\n\n\n<p><span class=\"post-content__span\"> <strong>\u00a1An\u00edmate a entrenar, compartir y crecer con nosotros!<\/strong><\/p>\n\n\n\n<p><span class=\"post-content__span\"> <strong>\u00a1Te esperamos!<\/strong><\/p>\n\n\n\n<p><span class=\"post-content__span\"> <\/p>\n","protected":false},"excerpt":{"rendered":"<p>\u00a1Te invitamos a ser parte de nuestra comunidad deportiva! Ya est\u00e1n abiertas las inscripciones para la nueva franja de la [&hellip;]<\/p>\n","protected":false},"author":30,"featured_media":64098,"comment_status":"open","ping_status":"open","sticky":false,"template":"","format":"standard","meta":{"footnotes":""},"categories":[3],"tags":[],"class_list":["post-64095","post","type-post","status-publish","format-standard","has-post-thumbnail","hentry","category-noticias"],"_links":{"self":[{"href":"https:\/\/vicerrectorias.utp.edu.co\/responsabilidad-social\/wp-json\/wp\/v2\/posts\/64095","targetHints":{"allow":["GET"]}}],"collection":[{"href":"https:\/\/vicerrectorias.utp.edu.co\/responsabilidad-social\/wp-json\/wp\/v2\/posts"}],"about":[{"href":"https:\/\/vicerrectorias.utp.edu.co\/responsabilidad-social\/wp-json\/wp\/v2\/types\/post"}],"author":[{"embeddable":true,"href":"https:\/\/vicerrectorias.utp.edu.co\/responsabilidad-social\/wp-json\/wp\/v2\/users\/30"}],"replies":[{"embeddable":true,"href":"https:\/\/vicerrectorias.utp.edu.co\/responsabilidad-social\/wp-json\/wp\/v2\/comments?post=64095"}],"version-history":[{"count":1,"href":"https:\/\/vicerrectorias.utp.edu.co\/responsabilidad-social\/wp-json\/wp\/v2\/posts\/64095\/revisions"}],"predecessor-version":[{"id":64097,"href":"https:\/\/vicerrectorias.utp.edu.co\/responsabilidad-social\/wp-json\/wp\/v2\/posts\/64095\/revisions\/64097"}],"wp:featuredmedia":[{"embeddable":true,"href":"https:\/\/vicerrectorias.utp.edu.co\/responsabilidad-social\/wp-json\/wp\/v2\/media\/64098"}],"wp:attachment":[{"href":"https:\/\/vicerrectorias.utp.edu.co\/responsabilidad-social\/wp-json\/wp\/v2\/media?parent=64095"}],"wp:term":[{"taxonomy":"category","embeddable":true,"href":"https:\/\/vicerrectorias.utp.edu.co\/responsabilidad-social\/wp-json\/wp\/v2\/categories?post=64095"},{"taxonomy":"post_tag","embeddable":true,"href":"https:\/\/vicerrectorias.utp.edu.co\/responsabilidad-social\/wp-json\/wp\/v2\/tags?post=64095"}],"curies":[{"name":"wp","href":"https:\/\/api.w.org\/{rel}","templated":true}]}}