{"id":64027,"date":"2025-07-10T01:25:58","date_gmt":"2025-07-09T23:25:58","guid":{"rendered":"https:\/\/vicerrectorias.utp.edu.co\/responsabilidad-social\/?p=64027"},"modified":"2025-07-10T01:47:30","modified_gmt":"2025-07-09T23:47:30","slug":"inicia-una-etapa-de-crecimiento-aprendizaje-y-transformacion","status":"publish","type":"post","link":"https:\/\/vicerrectorias.utp.edu.co\/responsabilidad-social\/inicia-una-etapa-de-crecimiento-aprendizaje-y-transformacion\/","title":{"rendered":"Inicia una etapa de crecimiento, aprendizaje y transformaci\u00f3n"},"content":{"rendered":"\n<p><span class=\"post-content__span\"> La Universidad Tecnol\u00f3gica de Pereira se enorgullece de recibir a los estudiantes que comienzan su primer semestre acad\u00e9mico en 2025-II. Este es el inicio de una experiencia transformadora, en la que cada paso estar\u00e1 lleno de aprendizajes, retos y logros que marcar\u00e1n tu trayectoria acad\u00e9mica, profesional y personal.<\/p>\n\n\n\n<p><span class=\"post-content__span\"> Para acompa\u00f1arte en este nuevo comienzo, hemos dise\u00f1ado el programa Adaptaci\u00f3n a la Vida Universitaria, una agenda diversa de actividades enfocadas en el bienestar, la integraci\u00f3n y el desarrollo personal. Talleres formativos, charlas motivacionales, recorridos por el campus, eventos culturales y actividades deportivas han sido pensados para que te sientas parte de esta comunidad desde el primer d\u00eda.<\/p>\n\n\n\n<p><span class=\"post-content__span\"> La UTP es m\u00e1s que una instituci\u00f3n educativa: es un espacio para vivir, compartir y construir juntos. Fomentamos el respeto, la diversidad, la sostenibilidad y la innovaci\u00f3n, con el firme compromiso de formar profesionales integrales, comprometidos con su entorno y con la transformaci\u00f3n social.<\/p>\n\n\n\n<p><span class=\"post-content__span\"> Consulta la programaci\u00f3n completa, las mesas de ayuda y los canales de acompa\u00f1amiento para tu ingreso a la vida universitaria en el siguiente enlace:<\/p>\n\n\n\n<p><span class=\"post-content__span\"> Ver enlace &nbsp;<\/p>\n\n\n\n<figure class=\"wp-block-embed is-type-wp-embed is-provider-genially wp-block-embed-genially\"><div class=\"wp-block-embed__wrapper\">\n<iframe class=\"wp-embedded-content\" sandbox=\"allow-scripts\" security=\"restricted\" title=\"Proceso de pruebas y adaptaci\u00f3n a la vida universitaria 2025-2\" frameborder='0' width='1200' height='700' src='https:\/\/view.genially.com\/668561c4cabf5a0015803c5e#?secret=jX0eqLOusd' data-secret='jX0eqLOusd' scrolling='yes'><\/iframe>\n<\/div><\/figure>\n","protected":false},"excerpt":{"rendered":"<p>La Universidad Tecnol\u00f3gica de Pereira se enorgullece de recibir a los estudiantes que comienzan su primer semestre acad\u00e9mico en 2025-II. [&hellip;]<\/p>\n","protected":false},"author":30,"featured_media":64030,"comment_status":"open","ping_status":"open","sticky":false,"template":"","format":"standard","meta":{"footnotes":""},"categories":[3],"tags":[],"class_list":["post-64027","post","type-post","status-publish","format-standard","has-post-thumbnail","hentry","category-noticias"],"_links":{"self":[{"href":"https:\/\/vicerrectorias.utp.edu.co\/responsabilidad-social\/wp-json\/wp\/v2\/posts\/64027","targetHints":{"allow":["GET"]}}],"collection":[{"href":"https:\/\/vicerrectorias.utp.edu.co\/responsabilidad-social\/wp-json\/wp\/v2\/posts"}],"about":[{"href":"https:\/\/vicerrectorias.utp.edu.co\/responsabilidad-social\/wp-json\/wp\/v2\/types\/post"}],"author":[{"embeddable":true,"href":"https:\/\/vicerrectorias.utp.edu.co\/responsabilidad-social\/wp-json\/wp\/v2\/users\/30"}],"replies":[{"embeddable":true,"href":"https:\/\/vicerrectorias.utp.edu.co\/responsabilidad-social\/wp-json\/wp\/v2\/comments?post=64027"}],"version-history":[{"count":1,"href":"https:\/\/vicerrectorias.utp.edu.co\/responsabilidad-social\/wp-json\/wp\/v2\/posts\/64027\/revisions"}],"predecessor-version":[{"id":64028,"href":"https:\/\/vicerrectorias.utp.edu.co\/responsabilidad-social\/wp-json\/wp\/v2\/posts\/64027\/revisions\/64028"}],"wp:featuredmedia":[{"embeddable":true,"href":"https:\/\/vicerrectorias.utp.edu.co\/responsabilidad-social\/wp-json\/wp\/v2\/media\/64030"}],"wp:attachment":[{"href":"https:\/\/vicerrectorias.utp.edu.co\/responsabilidad-social\/wp-json\/wp\/v2\/media?parent=64027"}],"wp:term":[{"taxonomy":"category","embeddable":true,"href":"https:\/\/vicerrectorias.utp.edu.co\/responsabilidad-social\/wp-json\/wp\/v2\/categories?post=64027"},{"taxonomy":"post_tag","embeddable":true,"href":"https:\/\/vicerrectorias.utp.edu.co\/responsabilidad-social\/wp-json\/wp\/v2\/tags?post=64027"}],"curies":[{"name":"wp","href":"https:\/\/api.w.org\/{rel}","templated":true}]}}