{"id":6401,"date":"2019-10-10T16:59:24","date_gmt":"2019-10-10T14:59:24","guid":{"rendered":""},"modified":"2024-08-15T15:52:36","modified_gmt":"2024-08-15T13:52:36","slug":"el-dia-de-la-resistencia-indigena-el-ciu-utp","status":"publish","type":"post","link":"https:\/\/vicerrectorias.utp.edu.co\/responsabilidad-social\/el-dia-de-la-resistencia-indigena-el-ciu-utp\/","title":{"rendered":"EL D\u00cdA DE LA RESISTENCIA INDIGENA, El CIU-UTP.."},"content":{"rendered":"\n<p><span class=\"post-content__span\"> De parte del Cabildo Indigena&nbsp;y de Formaci\u00f3n para el Desarrollo Humano, se les invita cordialmente a la jornada acad\u00e9mica y cultural que tendr\u00e1 lugar ma\u00f1ana&nbsp; 11 de octubre&nbsp; denominada ,<strong>&nbsp;EL D\u00cdA DE LA RESISTENCIA INDIGENA<em>,&nbsp;<\/em><\/strong>El CIU-UTP..<\/p>\n\n\n\n<p><span class=\"post-content__span\"> En este d\u00eda se pretende desarrollar el foro denominado VOCES DE RESISTENCIA DE LOS PUEBLOS IND\u00cdGENAS, por parte de l\u00edderes ind\u00edgenas de los territorios de base, con el fin de realizar una contextualizaci\u00f3n hist\u00f3rica de los procesos ambientales, de educaci\u00f3n, de econom\u00eda, salud y cultura que se vienen desarrollando en las comunidades ind\u00edgenas. Son hechos que desde su autonom\u00eda les ha permitido fortalecerse para garantizar la supervivencia como pueblos originarios y velar por el bienestar comunitario, a trav\u00e9s de los diferentes procesos desarrollados por estos grupos.<\/p>\n\n\n\n<p><span class=\"post-content__span\"> Tambi\u00e9n se desarrollaran espacios culturales, donde participaran grupos de danza y un grupo de m\u00fasica andina.&nbsp;&nbsp;<\/p>\n\n\n\n<p><span class=\"post-content__span\"> De esta manera el CIU-UTP, les hace llegar cordialmente la invitaci\u00f3n para que nos acompa\u00f1en en esta importante actividad acad\u00e9mica y cultural para continuar fortaleciendo los lazos de unidad a trav\u00e9s del compartir de la palabra, la danza y la m\u00fasica para la b\u00fasqueda del SUMA KAUSAY \u201cbuen vivir\u201d.<\/p>\n\n\n\n<p><span class=\"post-content__span\"> Esta actividad se llevar\u00e1 a cabo con la siguiente programaci\u00f3n:<\/p>\n\n\n\n<figure class=\"wp-block-table\"><table><tbody><tr><td>\n<p><span class=\"post-content__span\"> &nbsp;<\/p>\n<p><span class=\"post-content__span\"> <strong>HORA<\/strong><\/p>\n<\/td><td>\n<p><span class=\"post-content__span\"> <strong>ACTIVIDAD<\/strong><\/p>\n<\/td><td>\n<p><span class=\"post-content__span\"> <strong>ENCARGADO<\/strong><\/p>\n<\/td><td>\n<p><span class=\"post-content__span\"> <strong>LUGAR<\/strong><\/p>\n<\/td><\/tr><tr><td>\n<p><span class=\"post-content__span\"> 10:00 am<\/p>\n<\/td><td>\n<p><span class=\"post-content__span\"> Bienvenida<\/p>\n<\/td><td>\n<p><span class=\"post-content__span\"> Gobernador: Franklin Rom\u00e1n Getial<\/p>\n<\/td><td>\n<p><span class=\"post-content__span\"> Auditorio bellas artes<\/p>\n<\/td><\/tr><tr><td>\n<p><span class=\"post-content__span\"> 10:15 am<\/p>\n<\/td><td>\n<p><span class=\"post-content__span\"> 1.&nbsp;ponente: Jos\u00e9 Joaqu\u00edn Jajoy<\/p>\n<\/td><td>\n<p><span class=\"post-content__span\"> CIU-UTP<\/p>\n<\/td><td>\n<p><span class=\"post-content__span\"> Auditorio bellas artes<\/p>\n<\/td><\/tr><tr><td>\n<p><span class=\"post-content__span\"> 11:00 am<\/p>\n<\/td><td>\n<p><span class=\"post-content__span\"> 2.&nbsp; ponente: Feliciano Valencia Medina<\/p>\n<\/td><td>\n<p><span class=\"post-content__span\"> CIU-UTP<\/p>\n<\/td><td>\n<p><span class=\"post-content__span\"> Auditorio bellas artes<\/p>\n<\/td><\/tr><tr><td>\n<p><span class=\"post-content__span\"> 12:00 pm<\/p>\n<\/td><td>\n<p><span class=\"post-content__span\"> plenaria<\/p>\n<\/td><td>\n<p><span class=\"post-content__span\"> Todos los participantes del foro<\/p>\n<\/td><td>\n<p><span class=\"post-content__span\"> Auditorio bellas artes<\/p>\n<\/td><\/tr><tr><td>\n<p><span class=\"post-content__span\"> 6: 00pm<\/p>\n<\/td><td>\n<p><span class=\"post-content__span\"> Acto cultural<\/p>\n<\/td><td>\n<p><span class=\"post-content__span\"> Grupo de m\u00fasica JAURY<\/p>\n<p><span class=\"post-content__span\"> Grupos de danzas: TRIENTNIAS-INTI PUKIU (sol naciente)<\/p>\n<\/td><td>\n<p><span class=\"post-content__span\"> Media torta &#8211; UTP<\/p>\n<\/td><\/tr><tr><td>\n<p><span class=\"post-content__span\"> 10:00pm<\/p>\n<\/td><td>\n<p><span class=\"post-content__span\"> Cierre de evento<\/p>\n<\/td><td>\n<p><span class=\"post-content__span\"> CIU-UTP<\/p>\n<\/td><td>\n<p><span class=\"post-content__span\"> Media torta &#8211; UTP<\/p>\n<\/td><\/tr><\/tbody><\/table><\/figure>\n\n\n\n<div>\n<figure><img decoding=\"async\" src=\"https:\/\/ssl.gstatic.com\/ui\/v1\/icons\/mail\/images\/cleardot.gif\"><\/figure><div><\/div>\n<\/div>\n","protected":false},"excerpt":{"rendered":"<p>De parte del Cabildo Indigena&nbsp;y de Formaci\u00f3n para el Desarrollo Humano, se les invita cordialmente a la jornada acad\u00e9mica y [&hellip;]<\/p>\n","protected":false},"author":0,"featured_media":60481,"comment_status":"closed","ping_status":"closed","sticky":false,"template":"","format":"standard","meta":{"footnotes":""},"categories":[3],"tags":[],"class_list":["post-6401","post","type-post","status-publish","format-standard","has-post-thumbnail","hentry","category-noticias"],"_links":{"self":[{"href":"https:\/\/vicerrectorias.utp.edu.co\/responsabilidad-social\/wp-json\/wp\/v2\/posts\/6401","targetHints":{"allow":["GET"]}}],"collection":[{"href":"https:\/\/vicerrectorias.utp.edu.co\/responsabilidad-social\/wp-json\/wp\/v2\/posts"}],"about":[{"href":"https:\/\/vicerrectorias.utp.edu.co\/responsabilidad-social\/wp-json\/wp\/v2\/types\/post"}],"replies":[{"embeddable":true,"href":"https:\/\/vicerrectorias.utp.edu.co\/responsabilidad-social\/wp-json\/wp\/v2\/comments?post=6401"}],"version-history":[{"count":1,"href":"https:\/\/vicerrectorias.utp.edu.co\/responsabilidad-social\/wp-json\/wp\/v2\/posts\/6401\/revisions"}],"predecessor-version":[{"id":8980,"href":"https:\/\/vicerrectorias.utp.edu.co\/responsabilidad-social\/wp-json\/wp\/v2\/posts\/6401\/revisions\/8980"}],"wp:featuredmedia":[{"embeddable":true,"href":"https:\/\/vicerrectorias.utp.edu.co\/responsabilidad-social\/wp-json\/wp\/v2\/media\/60481"}],"wp:attachment":[{"href":"https:\/\/vicerrectorias.utp.edu.co\/responsabilidad-social\/wp-json\/wp\/v2\/media?parent=6401"}],"wp:term":[{"taxonomy":"category","embeddable":true,"href":"https:\/\/vicerrectorias.utp.edu.co\/responsabilidad-social\/wp-json\/wp\/v2\/categories?post=6401"},{"taxonomy":"post_tag","embeddable":true,"href":"https:\/\/vicerrectorias.utp.edu.co\/responsabilidad-social\/wp-json\/wp\/v2\/tags?post=6401"}],"curies":[{"name":"wp","href":"https:\/\/api.w.org\/{rel}","templated":true}]}}