{"id":6391,"date":"2019-10-09T10:51:19","date_gmt":"2019-10-09T08:51:19","guid":{"rendered":""},"modified":"2024-08-16T14:13:51","modified_gmt":"2024-08-16T12:13:51","slug":"entrega-de-bandera-a-la-delegacion-de-deportistas","status":"publish","type":"post","link":"https:\/\/vicerrectorias.utp.edu.co\/responsabilidad-social\/entrega-de-bandera-a-la-delegacion-de-deportistas\/","title":{"rendered":"Entrega de bandera a la delegaci\u00f3n de deportistas"},"content":{"rendered":"\n<p><span class=\"post-content__span\"> Entrega de bandera a la delegaci\u00f3n de deportistas de Sintraunicol<\/p>\n\n\n\n<p><span class=\"post-content__span\"> <img decoding=\"async\" src=\"https:\/\/comunicaciones.utp.edu.co\/wp-content\/uploads\/sites\/2\/entrega-banderas-2019.jpg\"><\/p>\n\n\n\n<p><span class=\"post-content__span\"> Desde hoy y hasta el 14 de octubre de 2019 nuestros deportistas docentes y administrativos estar\u00e1n representando a la Universidad Tecnol\u00f3gica de Pereira en los XIX Juegos Deportivos Nacionales Sintraunicol.<\/p>\n\n\n\n<p><span class=\"post-content__span\"> En un acto de reconocimiento, las directivas de la Universidad hicieron entrega de Bandera y uniformes a quienes tendr\u00e1n la responsabilidad de representarnos en las justas deportivas que se disputan en la ciudad de Medell\u00edn.<\/p>\n\n\n\n<p><span class=\"post-content__span\"> Con la presencia de todos los deportistas, docentes, administrativos, entrenadores, cuerpo directivo y otros asistentes, la Universidad Tecnol\u00f3gica de Pereira, a trav\u00e9s de la Vicerrector\u00eda de Responsabilidad Social y Bienestar Universitario y la subdirectiva de Sintraunicol Pereira, les auguraron los mejores resultados, teniendo en cuenta que en las \u00faltimas versiones, la UTP ha conseguido subirse a lo m\u00e1s alto del p\u00f3dium nacional y traerse el trofeo de campeones nacionales en algunas disciplinas deportivas tanto en categor\u00edas femenina como masculina.<\/p>\n\n\n\n<p><span class=\"post-content__span\"> Es de anotar que en el a\u00f1o 2018, la delegaci\u00f3n de la UTP de docentes y administrativos, obtuvo un resultado destacado con 45 medallas en total: 16 de oro, 15 de plata y 14 de bronce, obteniendo el tercer lugar en la tabla de medaller\u00eda general, entre 35 universidades participantes.<\/p>\n\n\n\n<p><span class=\"post-content__span\"> En los Juegos Deportivos nacionales Sintraunicol 2019, participa con una delegaci\u00f3n de 108 deportistas entre docentes y administrativos, en 10 deportes individuales y 3 deportes en conjunto. En total 13 disciplinas deportivas:<\/p>\n\n\n\n<p><span class=\"post-content__span\"> \u00b7&nbsp;&nbsp;&nbsp;&nbsp;&nbsp;Atletismo<\/p>\n\n\n\n<p><span class=\"post-content__span\"> \u00b7&nbsp;&nbsp;&nbsp;&nbsp;&nbsp;Ajedrez<\/p>\n\n\n\n<p><span class=\"post-content__span\"> \u00b7&nbsp;&nbsp;&nbsp;&nbsp;&nbsp;Billar<\/p>\n\n\n\n<p><span class=\"post-content__span\"> \u00b7&nbsp;&nbsp;&nbsp;&nbsp;&nbsp;Bolo<\/p>\n\n\n\n<p><span class=\"post-content__span\"> \u00b7&nbsp;&nbsp;&nbsp;&nbsp;&nbsp;Tejo y minitejo<\/p>\n\n\n\n<p><span class=\"post-content__span\"> \u00b7&nbsp;&nbsp;&nbsp;&nbsp;&nbsp;Nataci\u00f3n<\/p>\n\n\n\n<p><span class=\"post-content__span\"> \u00b7&nbsp;&nbsp;&nbsp;&nbsp;&nbsp;Sapo<\/p>\n\n\n\n<p><span class=\"post-content__span\"> \u00b7&nbsp;&nbsp;&nbsp;&nbsp;&nbsp;Ciclo-monta\u00f1ismo<\/p>\n\n\n\n<p><span class=\"post-content__span\"> \u00b7&nbsp;&nbsp;&nbsp;&nbsp;&nbsp;Tenis<\/p>\n\n\n\n<p><span class=\"post-content__span\"> \u00b7&nbsp;&nbsp;&nbsp;&nbsp;&nbsp;Tenis de mesa<\/p>\n\n\n\n<p><span class=\"post-content__span\"> \u00b7&nbsp;&nbsp;&nbsp;&nbsp;&nbsp;Baloncesto<\/p>\n\n\n\n<p><span class=\"post-content__span\"> \u00b7&nbsp;&nbsp;&nbsp;&nbsp;&nbsp;Voleibol<\/p>\n\n\n\n<p><span class=\"post-content__span\"> \u00b7&nbsp;&nbsp;&nbsp;&nbsp;&nbsp;F\u00fatbol sala<\/p>\n\n\n\n<p><span class=\"post-content__span\"> El Rector (E) Jonniers Gilberto Guerrero les solicit\u00f3 no olvidar los valores institucionales de respeto, liderazgo, XXXy XXX. As\u00ed mismo, hizo entrega de lavandera institucional al docente de la Facultad de Ingenier\u00edas y deportista de la disciplina de ajedrez, Saulo Torres Rengifo, quien obtuvo medalla de plata en la versi\u00f3n anterior, siendo la primera ocasi\u00f3n que un deportista en situaci\u00f3n de discapacidad participaba.<\/p>\n\n\n\n<p><span class=\"post-content__span\"> Durante la ceremonia se destac\u00f3 el compromiso de la Vicerrector\u00eda de Responsabilidad Social y Bienestar Universitario, en cabeza de Diana Patricia G\u00f3mez Botero, quienes&nbsp;&nbsp;han asumido total apoyo con este proceso deportivo, siendo cada a\u00f1o mayor, contribuyendo, promoviendo y fortaleciendo el bienestar y calidad de vida de los funcionarios y de la familia UTP.<\/p>\n\n\n\n<p><span class=\"post-content__span\"> \u00a1\u00c9xito para nuestros deportistas!<\/p>\n\n\n\n<p><span class=\"post-content__span\"> <strong><a href=\"https:\/\/photos.app.goo.gl\/mVVd4BFL9ELfyuFC9\" target=\"_blank\" rel=\"noreferrer noopener\">Ver todas las fotograf\u00edas&nbsp;<\/a><\/strong><\/p>\n\n\n\n<figure class=\"wp-block-image\"><img decoding=\"async\" src=\"https:\/\/comunicaciones.utp.edu.co\/wp-content\/uploads\/sites\/2\/entregaBanderaJuegosNacionales-87-1-.jpg\" alt=\"\"\/><\/figure>\n\n\n\n<figure class=\"wp-block-image\"><img decoding=\"async\" src=\"https:\/\/comunicaciones.utp.edu.co\/wp-content\/uploads\/sites\/2\/entregaBanderaJuegosNacionales-86.jpg\" alt=\"\"\/><\/figure>\n\n\n\n<figure class=\"wp-block-image\"><img decoding=\"async\" src=\"https:\/\/comunicaciones.utp.edu.co\/wp-content\/uploads\/sites\/2\/entregaBanderaJuegosNacionales-75.jpg\" alt=\"\"\/><\/figure>\n","protected":false},"excerpt":{"rendered":"<p>Entrega de bandera a la delegaci\u00f3n de deportistas de Sintraunicol Desde hoy y hasta el 14 de octubre de 2019 [&hellip;]<\/p>\n","protected":false},"author":0,"featured_media":60480,"comment_status":"closed","ping_status":"closed","sticky":false,"template":"","format":"standard","meta":{"footnotes":""},"categories":[3],"tags":[],"class_list":["post-6391","post","type-post","status-publish","format-standard","has-post-thumbnail","hentry","category-noticias"],"_links":{"self":[{"href":"https:\/\/vicerrectorias.utp.edu.co\/responsabilidad-social\/wp-json\/wp\/v2\/posts\/6391","targetHints":{"allow":["GET"]}}],"collection":[{"href":"https:\/\/vicerrectorias.utp.edu.co\/responsabilidad-social\/wp-json\/wp\/v2\/posts"}],"about":[{"href":"https:\/\/vicerrectorias.utp.edu.co\/responsabilidad-social\/wp-json\/wp\/v2\/types\/post"}],"replies":[{"embeddable":true,"href":"https:\/\/vicerrectorias.utp.edu.co\/responsabilidad-social\/wp-json\/wp\/v2\/comments?post=6391"}],"version-history":[{"count":3,"href":"https:\/\/vicerrectorias.utp.edu.co\/responsabilidad-social\/wp-json\/wp\/v2\/posts\/6391\/revisions"}],"predecessor-version":[{"id":60980,"href":"https:\/\/vicerrectorias.utp.edu.co\/responsabilidad-social\/wp-json\/wp\/v2\/posts\/6391\/revisions\/60980"}],"wp:featuredmedia":[{"embeddable":true,"href":"https:\/\/vicerrectorias.utp.edu.co\/responsabilidad-social\/wp-json\/wp\/v2\/media\/60480"}],"wp:attachment":[{"href":"https:\/\/vicerrectorias.utp.edu.co\/responsabilidad-social\/wp-json\/wp\/v2\/media?parent=6391"}],"wp:term":[{"taxonomy":"category","embeddable":true,"href":"https:\/\/vicerrectorias.utp.edu.co\/responsabilidad-social\/wp-json\/wp\/v2\/categories?post=6391"},{"taxonomy":"post_tag","embeddable":true,"href":"https:\/\/vicerrectorias.utp.edu.co\/responsabilidad-social\/wp-json\/wp\/v2\/tags?post=6391"}],"curies":[{"name":"wp","href":"https:\/\/api.w.org\/{rel}","templated":true}]}}